{"id":6039,"date":"2025-06-05T16:53:51","date_gmt":"2025-06-05T19:53:51","guid":{"rendered":"https:\/\/defiendase.com\/?p=6039"},"modified":"2025-06-05T16:53:53","modified_gmt":"2025-06-05T19:53:53","slug":"el-gobierno-impulsa-una-polemica-mediacion-prejudicial-para-conflictos-de-salud","status":"publish","type":"post","link":"https:\/\/defiendase.com\/index.php\/el-gobierno-impulsa-una-polemica-mediacion-prejudicial-para-conflictos-de-salud\/","title":{"rendered":"El Gobierno impulsa una pol\u00e9mica mediaci\u00f3n prejudicial para conflictos de salud"},"content":{"rendered":"\n<p>En una controvertida iniciativa, el gobierno lanz\u00f3 por decreto un sistema para resolver conflictos sobre prestaciones de salud sin pasar por la justicia. Seg\u00fan lo promocionaron, esto busca agilizar los plazos, dar respuestas r\u00e1pidas y descomprimir los tribunales, pero los especialistas sospechan sobre la finalidad de la medida, que podr\u00eda desincentivar las presentaciones judiciales y frenar los amparos.<\/p>\n\n\n\n<p>El \u00abProcedimiento de Mediaci\u00f3n Prejudicial en Materia de Salud\u00bb fue creado a trav\u00e9s del decreto de necesidad y urgencia 379\/2025 y entrar\u00e1 en vigencia dentro de 60 d\u00edas, en&nbsp; el mes de agosto. Se presenta como una alternativa optativa y de bajo costo para evitar ir a la justicia en caso de conflicto con los prestadores m\u00e9dicos.&nbsp; \u00abEl procedimiento se regir\u00e1 por los principios de voluntariedad, celeridad y confidencialidad, ofreciendo a los ciudadanos una opci\u00f3n menos costosa y m\u00e1s eficaz para resolver sus conflictos en salud\u00bb, dice el texto que aclara que las partes pueden ir con un abogado u optar por una asistencia jur\u00eddica gratuita.<\/p>\n\n\n\n<p>La mediaci\u00f3n promete respuestas en plazos no mayores a los 7 d\u00edas, sea cual fuere la problem\u00e1tica. Desde la justicia cuestionaron la medida y sostuvieron que habr\u00e1 que ver la viabilidad de su implementaci\u00f3n, teniendo en cuenta que se trata, a fin de cuentas de una iniciativa que busca que conflictos que requieren intervenci\u00f3n judicial terminen sald\u00e1ndose por fuera del sistema de justicia.<\/p>\n\n\n\n<p>Para el Gobierno, sin embargo, la creciente judicializaci\u00f3n de la salud es un problema. Y por eso justifican el decreto argumentando que s\u00f3lo entre 2022 y 2024 los amparos crecieron 471%.<\/p>\n","protected":false},"excerpt":{"rendered":"<p>En una controvertida iniciativa, el gobierno lanz\u00f3 por decreto un sistema para resolver conflictos sobre<\/p>\n","protected":false},"author":4,"featured_media":6040,"comment_status":"open","ping_status":"open","sticky":false,"template":"","format":"standard","meta":{"om_disable_all_campaigns":false,"_monsterinsights_skip_tracking":false,"_monsterinsights_sitenote_active":false,"_monsterinsights_sitenote_note":"","_monsterinsights_sitenote_category":0},"categories":[17],"tags":[],"aioseo_notices":[],"jetpack_featured_media_url":"https:\/\/defiendase.com\/wp-content\/uploads\/2025\/06\/salud.jpg","post_mailing_queue_ids":[],"_links":{"self":[{"href":"https:\/\/defiendase.com\/index.php\/wp-json\/wp\/v2\/posts\/6039"}],"collection":[{"href":"https:\/\/defiendase.com\/index.php\/wp-json\/wp\/v2\/posts"}],"about":[{"href":"https:\/\/defiendase.com\/index.php\/wp-json\/wp\/v2\/types\/post"}],"author":[{"embeddable":true,"href":"https:\/\/defiendase.com\/index.php\/wp-json\/wp\/v2\/users\/4"}],"replies":[{"embeddable":true,"href":"https:\/\/defiendase.com\/index.php\/wp-json\/wp\/v2\/comments?post=6039"}],"version-history":[{"count":1,"href":"https:\/\/defiendase.com\/index.php\/wp-json\/wp\/v2\/posts\/6039\/revisions"}],"predecessor-version":[{"id":6041,"href":"https:\/\/defiendase.com\/index.php\/wp-json\/wp\/v2\/posts\/6039\/revisions\/6041"}],"wp:featuredmedia":[{"embeddable":true,"href":"https:\/\/defiendase.com\/index.php\/wp-json\/wp\/v2\/media\/6040"}],"wp:attachment":[{"href":"https:\/\/defiendase.com\/index.php\/wp-json\/wp\/v2\/media?parent=6039"}],"wp:term":[{"taxonomy":"category","embeddable":true,"href":"https:\/\/defiendase.com\/index.php\/wp-json\/wp\/v2\/categories?post=6039"},{"taxonomy":"post_tag","embeddable":true,"href":"https:\/\/defiendase.com\/index.php\/wp-json\/wp\/v2\/tags?post=6039"}],"curies":[{"name":"wp","href":"https:\/\/api.w.org\/{rel}","templated":true}]}}