{"id":6035,"date":"2025-06-04T18:15:56","date_gmt":"2025-06-04T21:15:56","guid":{"rendered":"https:\/\/defiendase.com\/?p=6035"},"modified":"2025-06-04T18:15:59","modified_gmt":"2025-06-04T21:15:59","slug":"la-discapacidad-esta-emergencia-familias-y-prestadores-exigen-respuestas","status":"publish","type":"post","link":"https:\/\/defiendase.com\/index.php\/la-discapacidad-esta-emergencia-familias-y-prestadores-exigen-respuestas\/","title":{"rendered":"<strong>La discapacidad est\u00e1 emergencia: familias y prestadores exigen respuestas&nbsp;<\/strong>"},"content":{"rendered":"\n<p>Miles de personas con discapacidad y sus familias est\u00e1n en emergencia. Reclaman porque el Gobierno no actualiza los aranceles del Sistema de Prestaciones B\u00e1sicas de Atenci\u00f3n Integral y la atenci\u00f3n est\u00e1 colapsada. Adem\u00e1s, se recortan las coberturas y los prestadores, al ver sus honorarios cada vez m\u00e1s desfasados, optan por buscar otros trabajos m\u00e1s rentables. Esta combinaci\u00f3n termina por dejar desamparadas a las personas con discapacidad y a sus entornos, sin importar su poder adquisitivo porque directamente casi no hay prestaciones.<\/p>\n\n\n\n<p>Por esa raz\u00f3n, exigen que se declare la Ley de Emergencia en Discapacidad, que permitir\u00e1 recomponer el sistema de atenci\u00f3n y brindar una asistencia adecuada a las miles de familias que dependen de esos profesionales para poder llevar una vida digna.<\/p>\n\n\n\n<p>Los puntos centrales del proyecto son:<\/p>\n\n\n\n<p><strong>Actualizaci\u00f3n urgente de aranceles:&nbsp;<\/strong>Para que los prestadores puedan seguir trabajando sin perder poder adquisitivo. Hoy, los honorarios est\u00e1n tan desfasados que much\u00edsimos profesionales abandonan el sistema.<\/p>\n\n\n\n<p><strong>Pago en tiempo y forma<\/strong>: algo que hoy no sucede. Las obras sociales, el Estado y la Superintendencia de Salud muchas veces tardan meses en pagar.<\/p>\n\n\n\n<p><strong>Ampliaci\u00f3n del presupuesto<\/strong>: con partidas claras destinadas a discapacidad, para garantizar la cobertura efectiva de las prestaciones.<\/p>\n\n\n\n<p><strong>Regulaci\u00f3n del nomenclador<\/strong>: que define qu\u00e9 tipo de atenci\u00f3n se puede brindar y cu\u00e1nto se paga por ella. Hoy est\u00e1 totalmente desactualizado.<\/p>\n\n\n\n<p><strong>Mejora del transporte y su cobertura<\/strong>: es clave para que muchas personas puedan acceder a tratamientos, escuelas o espacios terap\u00e9uticos.<\/p>\n\n\n\n<p><strong>Reconocimiento del rol de los acompa\u00f1antes y cuidadores:<\/strong>&nbsp;que hoy no siempre son contemplados dentro del sistema, aunque son esenciales.<\/p>\n\n\n\n<p><strong>Revisi\u00f3n de los circuitos burocr\u00e1ticos<\/strong>: que demoran el acceso a derechos b\u00e1sicos.<\/p>\n\n\n\n<p><strong>Escucha activa a las familias y a las personas con discapacidad:<\/strong>&nbsp;para que no se legisle ni se tomen decisiones sin tener en cuenta su realidad concreta.<\/p>\n\n\n\n<p>Este mi\u00e9rcoles miles de familias reclamaron frente al Congreso que se sancione la emergencia en discapacidad. El gobiernobya adelant\u00f3 que toda iniciativa que aumente el gasto p\u00fabliconser\u00e1 vetada. Sea por una cuesti\u00f3n de humanidad o por una cuesti\u00f3n electoral, la espectativa y la esperanza est\u00e1n puestas en que el debate prospere en las C\u00e1maras y el Ejecutivo no lo eche por tierra al final.<\/p>\n","protected":false},"excerpt":{"rendered":"<p>Miles de personas con discapacidad y sus familias est\u00e1n en emergencia. Reclaman porque el Gobierno<\/p>\n","protected":false},"author":4,"featured_media":6036,"comment_status":"open","ping_status":"open","sticky":false,"template":"","format":"standard","meta":{"om_disable_all_campaigns":false,"_monsterinsights_skip_tracking":false,"_monsterinsights_sitenote_active":false,"_monsterinsights_sitenote_note":"","_monsterinsights_sitenote_category":0},"categories":[17],"tags":[],"aioseo_notices":[],"jetpack_featured_media_url":"https:\/\/defiendase.com\/wp-content\/uploads\/2025\/06\/image.png","post_mailing_queue_ids":[],"_links":{"self":[{"href":"https:\/\/defiendase.com\/index.php\/wp-json\/wp\/v2\/posts\/6035"}],"collection":[{"href":"https:\/\/defiendase.com\/index.php\/wp-json\/wp\/v2\/posts"}],"about":[{"href":"https:\/\/defiendase.com\/index.php\/wp-json\/wp\/v2\/types\/post"}],"author":[{"embeddable":true,"href":"https:\/\/defiendase.com\/index.php\/wp-json\/wp\/v2\/users\/4"}],"replies":[{"embeddable":true,"href":"https:\/\/defiendase.com\/index.php\/wp-json\/wp\/v2\/comments?post=6035"}],"version-history":[{"count":1,"href":"https:\/\/defiendase.com\/index.php\/wp-json\/wp\/v2\/posts\/6035\/revisions"}],"predecessor-version":[{"id":6037,"href":"https:\/\/defiendase.com\/index.php\/wp-json\/wp\/v2\/posts\/6035\/revisions\/6037"}],"wp:featuredmedia":[{"embeddable":true,"href":"https:\/\/defiendase.com\/index.php\/wp-json\/wp\/v2\/media\/6036"}],"wp:attachment":[{"href":"https:\/\/defiendase.com\/index.php\/wp-json\/wp\/v2\/media?parent=6035"}],"wp:term":[{"taxonomy":"category","embeddable":true,"href":"https:\/\/defiendase.com\/index.php\/wp-json\/wp\/v2\/categories?post=6035"},{"taxonomy":"post_tag","embeddable":true,"href":"https:\/\/defiendase.com\/index.php\/wp-json\/wp\/v2\/tags?post=6035"}],"curies":[{"name":"wp","href":"https:\/\/api.w.org\/{rel}","templated":true}]}}