{"id":6031,"date":"2025-06-04T12:01:31","date_gmt":"2025-06-04T15:01:31","guid":{"rendered":"https:\/\/defiendase.com\/?p=6031"},"modified":"2025-06-04T12:01:34","modified_gmt":"2025-06-04T15:01:34","slug":"reclamo-judicial-contra-el-dnu-que-limita-las-pensiones-por-discapacidad","status":"publish","type":"post","link":"https:\/\/defiendase.com\/index.php\/reclamo-judicial-contra-el-dnu-que-limita-las-pensiones-por-discapacidad\/","title":{"rendered":"Reclamo judicial contra el DNU que limita las pensiones por discapacidad"},"content":{"rendered":"\n<p>Un grupo de organizaciones encabezadas por la Asociaci\u00f3n Civil por la Igualdad y la Justicia (ACIJ) hizo una presentaci\u00f3n para denunciar la grave situaci\u00f3n que est\u00e1n atravesando las personas con discapacidad beneficiarias de pensiones no contributivas.<\/p>\n\n\n\n<p>Puntualmente, cuestionaron la aprobaci\u00f3n del decreto 834\/2024 que modifica los requisitos para acceder a las pensiones no contributivas por invalidez laboral. En resumen, el DNU resuelve que solo podr\u00e1n acceder a estas pensiones aquellos que est\u00e9n incapacitados total y permanentemente, sin v\u00ednculos laborales formales ni otros ingresos.<\/p>\n\n\n\n<p>Seg\u00fan ACIJ, la norma establece requisitos&nbsp; que fueron declarados inconstitucionales por la justicia argentina y objetados en reiteradas ocasiones por organismos internacionales de derechos humanos. \u00abAl hacerlo, reproduce un paradigma m\u00e9dico, capacitista y discriminatorio, que desconoce la situaci\u00f3n de exclusi\u00f3n estructural en la que se encuentran las personas con discapacidad, se desentiende de los gastos adicionales que deben afrontar y atenta de modo directo contra su autonom\u00eda financiera y su derecho a la vida independiente\u00bb, explicaron los denunciantes.<\/p>\n\n\n\n<p>Por otro lado, advirtieron que se implementa \u00abun proceso de auditor\u00eda sin garant\u00edas de accesibilidad ni apoyos que permitan a las personas convocadas ejercer su derecho de defensa. Las evaluaciones no solo se est\u00e1n desarrollando en base a una norma inconstitucional, sino que las condiciones en las que se realizan obstaculizan el cumplimiento de las citaciones, la comprensi\u00f3n del proceso, la presentaci\u00f3n de la documentaci\u00f3n requerida y la posibilidad de efectuar descargos\u00bb, afirmaron.<\/p>\n\n\n\n<p>Adem\u00e1s se\u00f1alaron que \u00abni las reformas normativas ni el dise\u00f1o del proceso de auditor\u00eda fueron precedidos de un proceso de consulta a las personas con discapacidad y a las organizaciones que las representan conforme lo ordena el art\u00edculo 4.3 de la Convenci\u00f3n sobre los Derechos de las Personas con Discapacidad\u00bb.<\/p>\n\n\n\n<p>\u00abFrente a este escenario, solicitamos al Comit\u00e9 que inste al Estado argentino a proporcionar informaci\u00f3n detallada y documentada sobre los resultados del proceso de auditor\u00eda; que exhorte a derogar el Decreto 843\/24 y a adecuar su normativa al enfoque de derechos humanos; que requiera la suspensi\u00f3n de las auditor\u00edas hasta que se garantice un procedimiento accesible y respetuoso de los derechos de las personas con discapacidad; que asegure la participaci\u00f3n efectiva de este grupo en toda reforma legal, pol\u00edtica p\u00fablica o procedimiento que lo afecte; y que exija la adopci\u00f3n de medidas urgentes para proteger su derecho a la protecci\u00f3n social\u00bb sostuvieron para concluir.<\/p>\n","protected":false},"excerpt":{"rendered":"<p>Un grupo de organizaciones encabezadas por la Asociaci\u00f3n Civil por la Igualdad y la Justicia<\/p>\n","protected":false},"author":4,"featured_media":6032,"comment_status":"open","ping_status":"open","sticky":false,"template":"","format":"standard","meta":{"om_disable_all_campaigns":false,"_monsterinsights_skip_tracking":false,"_monsterinsights_sitenote_active":false,"_monsterinsights_sitenote_note":"","_monsterinsights_sitenote_category":0},"categories":[16],"tags":[],"aioseo_notices":[],"jetpack_featured_media_url":"https:\/\/defiendase.com\/wp-content\/uploads\/2025\/06\/silla-ruedas.jpg","post_mailing_queue_ids":[],"_links":{"self":[{"href":"https:\/\/defiendase.com\/index.php\/wp-json\/wp\/v2\/posts\/6031"}],"collection":[{"href":"https:\/\/defiendase.com\/index.php\/wp-json\/wp\/v2\/posts"}],"about":[{"href":"https:\/\/defiendase.com\/index.php\/wp-json\/wp\/v2\/types\/post"}],"author":[{"embeddable":true,"href":"https:\/\/defiendase.com\/index.php\/wp-json\/wp\/v2\/users\/4"}],"replies":[{"embeddable":true,"href":"https:\/\/defiendase.com\/index.php\/wp-json\/wp\/v2\/comments?post=6031"}],"version-history":[{"count":1,"href":"https:\/\/defiendase.com\/index.php\/wp-json\/wp\/v2\/posts\/6031\/revisions"}],"predecessor-version":[{"id":6033,"href":"https:\/\/defiendase.com\/index.php\/wp-json\/wp\/v2\/posts\/6031\/revisions\/6033"}],"wp:featuredmedia":[{"embeddable":true,"href":"https:\/\/defiendase.com\/index.php\/wp-json\/wp\/v2\/media\/6032"}],"wp:attachment":[{"href":"https:\/\/defiendase.com\/index.php\/wp-json\/wp\/v2\/media?parent=6031"}],"wp:term":[{"taxonomy":"category","embeddable":true,"href":"https:\/\/defiendase.com\/index.php\/wp-json\/wp\/v2\/categories?post=6031"},{"taxonomy":"post_tag","embeddable":true,"href":"https:\/\/defiendase.com\/index.php\/wp-json\/wp\/v2\/tags?post=6031"}],"curies":[{"name":"wp","href":"https:\/\/api.w.org\/{rel}","templated":true}]}}