{"id":5959,"date":"2025-05-20T15:09:09","date_gmt":"2025-05-20T18:09:09","guid":{"rendered":"https:\/\/defiendase.com\/?p=5959"},"modified":"2025-05-20T15:09:11","modified_gmt":"2025-05-20T18:09:11","slug":"mayoristas-ratificaron-en-la-secretaria-de-comercio-su-compromiso-con-la-baja-de-precios","status":"publish","type":"post","link":"https:\/\/defiendase.com\/index.php\/mayoristas-ratificaron-en-la-secretaria-de-comercio-su-compromiso-con-la-baja-de-precios\/","title":{"rendered":"Mayoristas ratificaron en la Secretar\u00eda de Comercio su compromiso con la baja de precios"},"content":{"rendered":"\n<p>Autoridades de la C\u00e1mara de Distribuidores y Autoservicios Mayoristas (CADAM) mantuvieron este martes una reuni\u00f3n con el Secretario de Coordinaci\u00f3n de Producci\u00f3n, Pablo Lavigne y el Subsecretario de Defensa del Consumidor y Lealtad Comercial, Fernando Blanco Mui\u00f1o. Los empresarios insistieron con eliminar los \u201ccostos ocultos\u201d laborales dentro de las paritarias de Comercio.<\/p>\n\n\n\n<p>Durante el encuentro, los funcionarios agradecieron a los mayoristas por su esfuerzo y compromiso al resistir listas de precios con aumentos injustificados, en un contexto econ\u00f3mico donde la salida del cepo demostr\u00f3 el \u00e9xito de la medida con tendencia a la baja del d\u00f3lar.<\/p>\n\n\n\n<p>Adem\u00e1s, respaldaron la iniciativa Black Week Mayorista, lanzada esta semana por CADAM, que busca normalizar la baja de precios con ofertas especiales coordinadas con la industria.<\/p>\n\n\n\n<p>Por otra parte, los representantes de CADAM reiteraron su rechazo a los aumentos salariales propuestos en las actuales negociaciones paritarias, postura que compartieron con la Federaci\u00f3n de Almaceneros de la Provincia de Buenos Aires (FABA), la C\u00e1mara Argentina de Supermercados (CAS) y la Federaci\u00f3n Argentina de Supermercados y Autoservicios (FASA). Las entidades coincidieron en que dichos aumentos resultan inviables en el contexto actual de baja inflaci\u00f3n y futura deflaci\u00f3n y remarcaron la necesidad de revisar conceptos no remunerativos incluidos en las paritarias, como el aporte por capacitaci\u00f3n al INACAP que, a partir de Junio ser\u00e1 voluntario, el aporte solidario a la obra social por COVID-19 y el seguro de retiro \u00abLa Estrella\u00bb.<\/p>\n\n\n\n<p>\u201cQueremos que los eliminen porque son autobeneficios encubiertos en las paritarias\u201d, enfatizaron los mayoristas, que destacaron la predisposici\u00f3n al di\u00e1logo y el trabajo mancomunado con el gobierno.<\/p>\n\n\n\n<p>Participaron del encuentro, el vicepresidente de CADAM, Armando Farina, el titular de fiscalizaci\u00f3n, Nicol\u00e1s Vaccaneo y el gerente general, Adri\u00e1n Scharovsky.<\/p>\n","protected":false},"excerpt":{"rendered":"<p>Autoridades de la C\u00e1mara de Distribuidores y Autoservicios Mayoristas (CADAM) mantuvieron este martes una reuni\u00f3n<\/p>\n","protected":false},"author":4,"featured_media":5960,"comment_status":"open","ping_status":"open","sticky":false,"template":"","format":"standard","meta":{"om_disable_all_campaigns":false,"_monsterinsights_skip_tracking":false,"_monsterinsights_sitenote_active":false,"_monsterinsights_sitenote_note":"","_monsterinsights_sitenote_category":0},"categories":[5],"tags":[],"aioseo_notices":[],"jetpack_featured_media_url":"https:\/\/defiendase.com\/wp-content\/uploads\/2025\/05\/WhatsApp-Image-2025-05-20-at-14.18.56.jpeg","post_mailing_queue_ids":[],"_links":{"self":[{"href":"https:\/\/defiendase.com\/index.php\/wp-json\/wp\/v2\/posts\/5959"}],"collection":[{"href":"https:\/\/defiendase.com\/index.php\/wp-json\/wp\/v2\/posts"}],"about":[{"href":"https:\/\/defiendase.com\/index.php\/wp-json\/wp\/v2\/types\/post"}],"author":[{"embeddable":true,"href":"https:\/\/defiendase.com\/index.php\/wp-json\/wp\/v2\/users\/4"}],"replies":[{"embeddable":true,"href":"https:\/\/defiendase.com\/index.php\/wp-json\/wp\/v2\/comments?post=5959"}],"version-history":[{"count":1,"href":"https:\/\/defiendase.com\/index.php\/wp-json\/wp\/v2\/posts\/5959\/revisions"}],"predecessor-version":[{"id":5961,"href":"https:\/\/defiendase.com\/index.php\/wp-json\/wp\/v2\/posts\/5959\/revisions\/5961"}],"wp:featuredmedia":[{"embeddable":true,"href":"https:\/\/defiendase.com\/index.php\/wp-json\/wp\/v2\/media\/5960"}],"wp:attachment":[{"href":"https:\/\/defiendase.com\/index.php\/wp-json\/wp\/v2\/media?parent=5959"}],"wp:term":[{"taxonomy":"category","embeddable":true,"href":"https:\/\/defiendase.com\/index.php\/wp-json\/wp\/v2\/categories?post=5959"},{"taxonomy":"post_tag","embeddable":true,"href":"https:\/\/defiendase.com\/index.php\/wp-json\/wp\/v2\/tags?post=5959"}],"curies":[{"name":"wp","href":"https:\/\/api.w.org\/{rel}","templated":true}]}}