{"id":5946,"date":"2025-05-18T21:43:31","date_gmt":"2025-05-19T00:43:31","guid":{"rendered":"https:\/\/defiendase.com\/?p=5946"},"modified":"2025-05-18T21:43:35","modified_gmt":"2025-05-19T00:43:35","slug":"arranca-el-primer-black-mayorista-del-ano","status":"publish","type":"post","link":"https:\/\/defiendase.com\/index.php\/arranca-el-primer-black-mayorista-del-ano\/","title":{"rendered":"Arranca el primer Black Mayorista del a\u00f1o"},"content":{"rendered":"\n<p>Desde este lunes 19 al 25 de mayo, m\u00e1s de 190 mayoristas y distribuidores de todo el pa\u00eds se suman al 1\u00b0 Black Mayorista del a\u00f1o, una iniciativa orientada tanto al p\u00fablico general como a las pymes, para dinamizar el canal tradicional y fortalecer el v\u00ednculo entre la industria y los comercios de proximidad.<\/p>\n\n\n\n<p>Durante toda la semana, los locales mayoristas adheridos \u2014tanto f\u00edsicos como con venta online\u2014 ofrecer\u00e1n promociones especiales y descuentos de hasta el 40% en productos, como parte de un esfuerzo conjunto de fabricantes, distribuidores y mayoristas para generar volumen, visibilidad y competitividad en el sector.<\/p>\n\n\n\n<p>La acci\u00f3n est\u00e1 organizada por la C\u00e1mara Argentina de Distribuidores y Autoservicios Mayoristas (CADAM) , y se inspira en el concepto de los populares \u00abBlack\u00bb.<\/p>\n\n\n\n<p>As\u00ed el Black Mayorista busca trasladar ese impulso al comercio tradicional, donde el autoservicio, el almac\u00e9n de barrio y el peque\u00f1o comerciante son protagonistas fundamentales. A trav\u00e9s de esta semana promocional, se espera generar un efecto multiplicador que beneficie a toda la cadena: desde el fabricante hasta el consumidor final.<\/p>\n\n\n\n<p>Seg\u00fan afirmaron, \u00abmover stock, atraer nuevos clientes y reforzar el rol estrat\u00e9gico del canal mayorista como pilar del consumo en Argentina\u00bb son esta semana los objetivos mayoristas.<\/p>\n\n\n\n<p>Se puede consultar el mapa interactivo mayorista de comercios participantes en:<\/p>\n\n\n\n<figure class=\"wp-block-embed\"><div class=\"wp-block-embed__wrapper\">\nhttps:\/\/www.cadam.com.ar\/actividades\/black-mayorista\n<\/div><\/figure>\n","protected":false},"excerpt":{"rendered":"<p>Desde este lunes 19 al 25 de mayo, m\u00e1s de 190 mayoristas y distribuidores de<\/p>\n","protected":false},"author":4,"featured_media":5947,"comment_status":"open","ping_status":"open","sticky":false,"template":"","format":"standard","meta":{"om_disable_all_campaigns":false,"_monsterinsights_skip_tracking":false,"_monsterinsights_sitenote_active":false,"_monsterinsights_sitenote_note":"","_monsterinsights_sitenote_category":0},"categories":[4],"tags":[],"aioseo_notices":[],"jetpack_featured_media_url":"https:\/\/defiendase.com\/wp-content\/uploads\/2025\/05\/IMG_0191.webp","post_mailing_queue_ids":[],"_links":{"self":[{"href":"https:\/\/defiendase.com\/index.php\/wp-json\/wp\/v2\/posts\/5946"}],"collection":[{"href":"https:\/\/defiendase.com\/index.php\/wp-json\/wp\/v2\/posts"}],"about":[{"href":"https:\/\/defiendase.com\/index.php\/wp-json\/wp\/v2\/types\/post"}],"author":[{"embeddable":true,"href":"https:\/\/defiendase.com\/index.php\/wp-json\/wp\/v2\/users\/4"}],"replies":[{"embeddable":true,"href":"https:\/\/defiendase.com\/index.php\/wp-json\/wp\/v2\/comments?post=5946"}],"version-history":[{"count":1,"href":"https:\/\/defiendase.com\/index.php\/wp-json\/wp\/v2\/posts\/5946\/revisions"}],"predecessor-version":[{"id":5948,"href":"https:\/\/defiendase.com\/index.php\/wp-json\/wp\/v2\/posts\/5946\/revisions\/5948"}],"wp:featuredmedia":[{"embeddable":true,"href":"https:\/\/defiendase.com\/index.php\/wp-json\/wp\/v2\/media\/5947"}],"wp:attachment":[{"href":"https:\/\/defiendase.com\/index.php\/wp-json\/wp\/v2\/media?parent=5946"}],"wp:term":[{"taxonomy":"category","embeddable":true,"href":"https:\/\/defiendase.com\/index.php\/wp-json\/wp\/v2\/categories?post=5946"},{"taxonomy":"post_tag","embeddable":true,"href":"https:\/\/defiendase.com\/index.php\/wp-json\/wp\/v2\/tags?post=5946"}],"curies":[{"name":"wp","href":"https:\/\/api.w.org\/{rel}","templated":true}]}}