{"id":5943,"date":"2025-05-18T21:39:38","date_gmt":"2025-05-19T00:39:38","guid":{"rendered":"https:\/\/defiendase.com\/?p=5943"},"modified":"2025-05-18T21:39:40","modified_gmt":"2025-05-19T00:39:40","slug":"batacazo-de-milei-en-la-ciudad-casi-doblo-en-votos-al-pro","status":"publish","type":"post","link":"https:\/\/defiendase.com\/index.php\/batacazo-de-milei-en-la-ciudad-casi-doblo-en-votos-al-pro\/","title":{"rendered":"Batacazo de Milei en la Ciudad: casi dobl\u00f3 en votos al PRO"},"content":{"rendered":"\n<p>En una elecci\u00f3n marcada por la baj\u00edsima participaci\u00f3n, La Libertad Avanza derrot\u00f3 al peronismo y le arrebat\u00f3 al PRO la hegemon\u00eda en la Ciudad. Javier Milei festej\u00f3 junto a su candidato a legislador, Manuel Adorni, y dijo: \u201cSe pint\u00f3 de violeta el basti\u00f3n amarillo y ahora tenemos que pintar el pa\u00eds\u201d.<\/p>\n\n\n\n<p>La lista del presidente y de su hermana Karina, encabezada por su vocero, sac\u00f3 el 30,13% y casi duplic\u00f3 al 15,93 de Silvia Lospennato, que ni siquiera se pudo autovotar porque no lleg\u00f3 con el cambio de domicilio.<\/p>\n\n\n\n<p>Leandro Santoro, el candidato con el que el peronismo se ilusionaba para lograr una victoria en la ciudad despu\u00e9s de 32 a\u00f1os, qued\u00f3 a medio camino con el 27,34% de los votos.<\/p>\n\n\n\n<p>La elecci\u00f3n legislativa porte\u00f1a se hab\u00eda nacionalizado fuertemente con una clara disputa entre el PRO, que buscaba revalidar su gesti\u00f3n despu\u00e9s de 18 a\u00f1os, y La Libertad Avanza. Incluso durante el mismo d\u00eda de la votaci\u00f3n Mauricio Macri y Javier Milei hab\u00edan intercambiado fuertes acusaciones y chicanas. El ex presidente denunci\u00f3 \u201cun intento de fraude virtual\u201d despu\u00e9s de que se difundiera en redes un video suyo hecho con inteligencia artificial y el actual presidente le hab\u00eda contestado sin tapujos que estaba \u201checho un llor\u00f3n\u201d.<\/p>\n\n\n\n<p>En esa pulseada por ver qui\u00e9n se quedaba con la representaci\u00f3n del espacio de centroderecha, Milei sali\u00f3 triunfante y desde las filas del PRO apuntaron principalmente a Horacio Rodr\u00edguez Larreta, que qued\u00f3 cuarto con un 8% de los votos, le rest\u00f3 poder de fuego en las urnas a su ex partido y festej\u00f3 el solo hecho de haber vuelto a la escena p\u00fablica.&nbsp;<\/p>\n\n\n\n<p>Sin embargo, en su discurso tras el triunfo, fue el vocero Manuel Adorni el que transparent\u00f3 la intenci\u00f3n de los hermanos Milei. Sin mencionar al PRO, el flamante legislador electo explic\u00f3 la importancia de esta votaci\u00f3n para su partido. \u00abNo era simplemente una elecci\u00f3n local, era una elecci\u00f3n entre dos modelos y que muchos no supieron verla: entre el modelo kirchnerista, el pobrismo y el pasado, o la libertad. La sociedad eligi\u00f3 la libertad, hoy gan\u00f3 la libertad una vez m\u00e1s\u00bb, dijo.&nbsp;<\/p>\n\n\n\n<p>Acto seguido, invit\u00f3 a todas las fuerzas de la oposici\u00f3n a sumarse a las filas libertarias. \u00abA cada uno de los dirigentes de los distintos partidos que quieren un cambio real para la Argentina. La gente tom\u00f3 una decisi\u00f3n y el instrumento para el cambio somos nosotros. Invitamos a todos a apoyar este proyecto, dejar los ego\u00edsmos de lado, dejar las mezquindades y a sumarse a La Libertad Avanza para continuar el cambio\u00bb.<\/p>\n\n\n\n<p>El mensaje fue claro: no habl\u00f3 de alianzas ni de pactos, sino de sumarse bajo una sola bandera. Una bandera que es violeta y lleva la cara de Milei. &nbsp;<\/p>\n","protected":false},"excerpt":{"rendered":"<p>En una elecci\u00f3n marcada por la baj\u00edsima participaci\u00f3n, La Libertad Avanza derrot\u00f3 al peronismo y<\/p>\n","protected":false},"author":4,"featured_media":5944,"comment_status":"open","ping_status":"open","sticky":false,"template":"","format":"standard","meta":{"om_disable_all_campaigns":false,"_monsterinsights_skip_tracking":false,"_monsterinsights_sitenote_active":false,"_monsterinsights_sitenote_note":"","_monsterinsights_sitenote_category":0},"categories":[263],"tags":[],"aioseo_notices":[],"jetpack_featured_media_url":"https:\/\/defiendase.com\/wp-content\/uploads\/2025\/05\/IMG_0189.jpeg","post_mailing_queue_ids":[],"_links":{"self":[{"href":"https:\/\/defiendase.com\/index.php\/wp-json\/wp\/v2\/posts\/5943"}],"collection":[{"href":"https:\/\/defiendase.com\/index.php\/wp-json\/wp\/v2\/posts"}],"about":[{"href":"https:\/\/defiendase.com\/index.php\/wp-json\/wp\/v2\/types\/post"}],"author":[{"embeddable":true,"href":"https:\/\/defiendase.com\/index.php\/wp-json\/wp\/v2\/users\/4"}],"replies":[{"embeddable":true,"href":"https:\/\/defiendase.com\/index.php\/wp-json\/wp\/v2\/comments?post=5943"}],"version-history":[{"count":1,"href":"https:\/\/defiendase.com\/index.php\/wp-json\/wp\/v2\/posts\/5943\/revisions"}],"predecessor-version":[{"id":5945,"href":"https:\/\/defiendase.com\/index.php\/wp-json\/wp\/v2\/posts\/5943\/revisions\/5945"}],"wp:featuredmedia":[{"embeddable":true,"href":"https:\/\/defiendase.com\/index.php\/wp-json\/wp\/v2\/media\/5944"}],"wp:attachment":[{"href":"https:\/\/defiendase.com\/index.php\/wp-json\/wp\/v2\/media?parent=5943"}],"wp:term":[{"taxonomy":"category","embeddable":true,"href":"https:\/\/defiendase.com\/index.php\/wp-json\/wp\/v2\/categories?post=5943"},{"taxonomy":"post_tag","embeddable":true,"href":"https:\/\/defiendase.com\/index.php\/wp-json\/wp\/v2\/tags?post=5943"}],"curies":[{"name":"wp","href":"https:\/\/api.w.org\/{rel}","templated":true}]}}