{"id":5934,"date":"2025-05-16T12:23:18","date_gmt":"2025-05-16T15:23:18","guid":{"rendered":"https:\/\/defiendase.com\/?p=5934"},"modified":"2025-05-16T19:14:11","modified_gmt":"2025-05-16T22:14:11","slug":"vialidad-el-procurador-pide-duplicar-la-condena-a-cristina","status":"publish","type":"post","link":"https:\/\/defiendase.com\/index.php\/vialidad-el-procurador-pide-duplicar-la-condena-a-cristina\/","title":{"rendered":"Vialidad: el Procurador pide duplicar la condena a Cristina&nbsp;"},"content":{"rendered":"\n<p>El procurador general de la Naci\u00f3n Eduardo Casal emiti\u00f3 un dictamen en el que pide que se ampl\u00ede la condena a Cristina Kirchner en la causa Vialidad y pase de 6 a 12 a\u00f1os de prisi\u00f3n. La expresidenta fue se\u00f1alada como responsable de la adjudicaci\u00f3n fraudulenta de 51 contratos de obra p\u00fablica durante su gesti\u00f3n.<\/p>\n\n\n\n<p>La postura de Casal coincide con la del fiscal de Casaci\u00f3n, Mario Villar, que tambi\u00e9n hab\u00eda pedido un agravamiento de la pena contra la expresidenta. Para el procurador, Cristina no s\u00f3lo debe ser condenada por fraude sino tambi\u00e9n por asociaci\u00f3n il\u00edcita porque hubo un delito \u201cplural y diverso\u201d.&nbsp;<\/p>\n\n\n\n<p>Seg\u00fan el dictamen, la condena a 6 a\u00f1os que absolvi\u00f3 a Cristina de delitos distintos del fraude consider\u00f3 \u201cuna sola defraudaci\u00f3n dentro de la categor\u00eda de delito continuado\u201d. En cambio, tanto Casal como Villar sostienen que hubo \u201cuna pluralidad de acciones\u201d.<\/p>\n\n\n\n<p>Ahora es la Corte Suprema, que le hab\u00eda pedido opini\u00f3n al Procurador, la que debe decidir la suerte de Cristina. Y los escenarios que se abren son m\u00faltiples.<\/p>\n\n\n\n<p>Primero hay que ver si efectivamente el M\u00e1ximo Tribunal falla antes de las elecciones. En caso de que eso no suceda, Cristina tendr\u00e1 la posibilidad de ser candidata a diputada provincial en Buenos Aires y ganar fueros antes de una eventual ratificaci\u00f3n o ampliaci\u00f3n de la condena. Recordemos que en provincia los fueros se obtienen la misma noche de la votaci\u00f3n y no al asumir la banca.<\/p>\n\n\n\n<p>En el caso de que la Corte falle, las alternativas son tres: la primera es rechazar todos los planteos y confirmar la condena a 6 a\u00f1os, la segunda es aceptar el dictamen y extender la pena a 12 a\u00f1os y la tercera es hacer lugar al recurso de queja de la defensa y anular la condena de Casaci\u00f3n.&nbsp;<\/p>\n\n\n\n<p>Si la condena se confirma, la aplicaci\u00f3n de la prisi\u00f3n domiciliaria y su inhabilitaci\u00f3n para ejercer cargos p\u00fablicos (y para presentarse a elecciones) deber\u00eda hacerse efectiva de inmediato.&nbsp;<\/p>\n\n\n\n<p>Si, en cambio, se extiende la pena, la causa tiene que volver a Casaci\u00f3n. Este escenario, parad\u00f3jicamente beneficiar\u00eda a la expresidenta porque otra sala distinta de la Sala IV deber\u00eda tomar el expediente y eso le dar\u00eda tiempo para presentarse como legisladora bonaerense y ganar fueros. Luego, si la C\u00e1mara resuelve ampliar la condena, la Legislatura provincial deber\u00eda votar su desafuero para que pueda cumplir la sentencia.<\/p>\n\n\n\n<p>En caso de que la Corte haga lugar a los planteos de la defensa, la condena se anular\u00eda. Aunque ese parece el escenario m\u00e1s lejano.<\/p>\n","protected":false},"excerpt":{"rendered":"<p>El procurador general de la Naci\u00f3n Eduardo Casal emiti\u00f3 un dictamen en el que pide<\/p>\n","protected":false},"author":4,"featured_media":5935,"comment_status":"open","ping_status":"open","sticky":false,"template":"","format":"standard","meta":{"om_disable_all_campaigns":false,"_monsterinsights_skip_tracking":false,"_monsterinsights_sitenote_active":false,"_monsterinsights_sitenote_note":"","_monsterinsights_sitenote_category":0},"categories":[263],"tags":[],"aioseo_notices":[],"jetpack_featured_media_url":"https:\/\/defiendase.com\/wp-content\/uploads\/2025\/05\/530e16fe-16ed-444d-8263-3eb4dd3221ad.jpeg","post_mailing_queue_ids":[],"_links":{"self":[{"href":"https:\/\/defiendase.com\/index.php\/wp-json\/wp\/v2\/posts\/5934"}],"collection":[{"href":"https:\/\/defiendase.com\/index.php\/wp-json\/wp\/v2\/posts"}],"about":[{"href":"https:\/\/defiendase.com\/index.php\/wp-json\/wp\/v2\/types\/post"}],"author":[{"embeddable":true,"href":"https:\/\/defiendase.com\/index.php\/wp-json\/wp\/v2\/users\/4"}],"replies":[{"embeddable":true,"href":"https:\/\/defiendase.com\/index.php\/wp-json\/wp\/v2\/comments?post=5934"}],"version-history":[{"count":1,"href":"https:\/\/defiendase.com\/index.php\/wp-json\/wp\/v2\/posts\/5934\/revisions"}],"predecessor-version":[{"id":5936,"href":"https:\/\/defiendase.com\/index.php\/wp-json\/wp\/v2\/posts\/5934\/revisions\/5936"}],"wp:featuredmedia":[{"embeddable":true,"href":"https:\/\/defiendase.com\/index.php\/wp-json\/wp\/v2\/media\/5935"}],"wp:attachment":[{"href":"https:\/\/defiendase.com\/index.php\/wp-json\/wp\/v2\/media?parent=5934"}],"wp:term":[{"taxonomy":"category","embeddable":true,"href":"https:\/\/defiendase.com\/index.php\/wp-json\/wp\/v2\/categories?post=5934"},{"taxonomy":"post_tag","embeddable":true,"href":"https:\/\/defiendase.com\/index.php\/wp-json\/wp\/v2\/tags?post=5934"}],"curies":[{"name":"wp","href":"https:\/\/api.w.org\/{rel}","templated":true}]}}