{"id":5929,"date":"2025-05-15T16:05:46","date_gmt":"2025-05-15T19:05:46","guid":{"rendered":"https:\/\/defiendase.com\/?p=5929"},"modified":"2025-05-15T16:05:49","modified_gmt":"2025-05-15T19:05:49","slug":"milei-lanzo-una-dura-reforma-migratoria","status":"publish","type":"post","link":"https:\/\/defiendase.com\/index.php\/milei-lanzo-una-dura-reforma-migratoria\/","title":{"rendered":"Milei lanz\u00f3 una dura reforma migratoria"},"content":{"rendered":"\n<p>El Gobierno nacional anunci\u00f3 una reforma migratoria que endurecer\u00e1 las condiciones de ingreso y permanencia de los extranjeros en el pa\u00eds. Sostuvieron que en los \u00faltimos 20 a\u00f1os &nbsp;entraron m\u00e1s de 1.700.000 migrantes en forma irregular y explicaron que las modificaciones buscan \u00abrestaurar el orden y el sentido com\u00fan\u00bb.&nbsp;<\/p>\n\n\n\n<p>La medida fue anticipada por el vocero presidencial, Manuel Adorni, que explic\u00f3 que de ahora en m\u00e1s se podr\u00e1n realizar deportaciones expr\u00e9s cuando el ingreso al pa\u00eds sea por pasos no habilitados o presentando documentaci\u00f3n falsa. Tampoco habr\u00e1 tolerancia para los extranjeros que hayan cometido un delito: sin importar su gravedad, ser\u00e1n expulsados despu\u00e9s de la condena. En este sentido, Adorni adelant\u00f3 que buscar\u00e1n cambiar las leyes para acortar los plazos y &nbsp;poder deportar lo m\u00e1s r\u00e1pido posible a los inmigrantes con problemas legales. Aquellos que hayan sido condenados en sus pa\u00edses de origen directamente no podr\u00e1n entrar.&nbsp;<\/p>\n\n\n\n<p>Por otro lado, se endurecer\u00e1n los requisitos para lograr la ciudadan\u00eda. A partir de ahora, se otorgar\u00e1 \u00fanicamente a quienes hayan residido de manera cont\u00ednua en el pa\u00eds durante dos a\u00f1os o hayan realizado una inversi\u00f3n relevante para Argentina. Tambi\u00e9n se deber\u00e1n acreditar medios de vida suficientes para lograr la residencia permanente.<\/p>\n\n\n\n<p>Por \u00faltimo, se habilitar\u00e1 a todos los hospitales y centros de salud p\u00fablicos del pa\u00eds a cobrarles por la atenci\u00f3n m\u00e9dica a los no residentes. Y para evitar casos en los que no se pueda pagar, los extranjeros deber\u00e1n presentar un seguro m\u00e9dico al momento de entrar a nuestro pa\u00eds. &nbsp;Las universidades tambi\u00e9n podr\u00e1n cobrarles un arancel a los residentes temporarios.<\/p>\n\n\n\n<p>El texto del documento del anuncio resalta sobre el final que se busca \u00abgarantizar que el dinero de los pagadores de impuestos se utilice en ellos y no en aquellos que hacen abuso de los servicios p\u00fablicos\u00bb.<\/p>\n","protected":false},"excerpt":{"rendered":"<p>El Gobierno nacional anunci\u00f3 una reforma migratoria que endurecer\u00e1 las condiciones de ingreso y permanencia<\/p>\n","protected":false},"author":4,"featured_media":5930,"comment_status":"open","ping_status":"open","sticky":false,"template":"","format":"standard","meta":{"om_disable_all_campaigns":false,"_monsterinsights_skip_tracking":false,"_monsterinsights_sitenote_active":false,"_monsterinsights_sitenote_note":"","_monsterinsights_sitenote_category":0},"categories":[263],"tags":[],"aioseo_notices":[],"jetpack_featured_media_url":"https:\/\/defiendase.com\/wp-content\/uploads\/2025\/05\/IMG_0108.jpeg","post_mailing_queue_ids":[],"_links":{"self":[{"href":"https:\/\/defiendase.com\/index.php\/wp-json\/wp\/v2\/posts\/5929"}],"collection":[{"href":"https:\/\/defiendase.com\/index.php\/wp-json\/wp\/v2\/posts"}],"about":[{"href":"https:\/\/defiendase.com\/index.php\/wp-json\/wp\/v2\/types\/post"}],"author":[{"embeddable":true,"href":"https:\/\/defiendase.com\/index.php\/wp-json\/wp\/v2\/users\/4"}],"replies":[{"embeddable":true,"href":"https:\/\/defiendase.com\/index.php\/wp-json\/wp\/v2\/comments?post=5929"}],"version-history":[{"count":1,"href":"https:\/\/defiendase.com\/index.php\/wp-json\/wp\/v2\/posts\/5929\/revisions"}],"predecessor-version":[{"id":5931,"href":"https:\/\/defiendase.com\/index.php\/wp-json\/wp\/v2\/posts\/5929\/revisions\/5931"}],"wp:featuredmedia":[{"embeddable":true,"href":"https:\/\/defiendase.com\/index.php\/wp-json\/wp\/v2\/media\/5930"}],"wp:attachment":[{"href":"https:\/\/defiendase.com\/index.php\/wp-json\/wp\/v2\/media?parent=5929"}],"wp:term":[{"taxonomy":"category","embeddable":true,"href":"https:\/\/defiendase.com\/index.php\/wp-json\/wp\/v2\/categories?post=5929"},{"taxonomy":"post_tag","embeddable":true,"href":"https:\/\/defiendase.com\/index.php\/wp-json\/wp\/v2\/tags?post=5929"}],"curies":[{"name":"wp","href":"https:\/\/api.w.org\/{rel}","templated":true}]}}