{"id":5880,"date":"2025-04-30T12:39:00","date_gmt":"2025-04-30T15:39:00","guid":{"rendered":"https:\/\/defiendase.com\/?p=5880"},"modified":"2025-04-30T12:38:24","modified_gmt":"2025-04-30T15:38:24","slug":"argentinos-descendientes-de-italianos-marcharan-para-reclamar-su-derecho-a-la-ciudadania","status":"publish","type":"post","link":"https:\/\/defiendase.com\/index.php\/argentinos-descendientes-de-italianos-marcharan-para-reclamar-su-derecho-a-la-ciudadania\/","title":{"rendered":"Argentinos descendientes de italianos marchar\u00e1n para reclamar su derecho a la ciudadan\u00eda"},"content":{"rendered":"\n<p>A principios de abril el gobierno de Italia endureci\u00f3 las normas para pedir la ciudadan\u00eda por l\u00ednea de sangre y con esto afect\u00f3 a miles de personas que ten\u00edan antepasados italianos y aspiraban a tener ese documento. Seg\u00fan los nuevos requisitos, los aspirantes a la ciudadan\u00eda deber\u00e1n tener al menos un padre o un abuelo italiano. Adem\u00e1s para solicitar el pasaporte las personas tienen que haber residido en Italia durante al menos 3 a\u00f1os.<\/p>\n\n\n\n<p>Hasta ahora nada de eso era necesario y bastaba con tener un antepasado que hubiera nacido en ese pa\u00eds despu\u00e9s de 1861, cuando se cre\u00f3 el Reino de Italia. Esto provoc\u00f3 que en los \u00faltimos a\u00f1os creciera un 40% la cantidad de ciudadanos italianos residentes en el extranjero.<\/p>\n\n\n\n<p>Por eso muchas familias argentinas con antepasados italianos est\u00e1n en alerta y se organizaron para reclamar por lo que consideran sus derechos.<\/p>\n\n\n\n<p>\u00abEl Estado Italiano est\u00e1 violando derechos leg\u00edtimos de los descendientes\u00bb, explican desde el comit\u00e9 creado para visibilizar este problema.<\/p>\n\n\n\n<p>\u00abLo m\u00e1s grave no es solo el corte en la l\u00ednea generacional, sino las consecuencias reales que esto est\u00e1 dejando: muchas familias est\u00e1n varadas, bloqueadas en territorio italiano, sin poder concluir sus tr\u00e1mites. El Estado italiano las est\u00e1 dejando en una situaci\u00f3n de irregularidad, al no tutelar sus derechos\u00bb, denuncian.<\/p>\n\n\n\n<p>Por eso anticiparon una marcha para el pr\u00f3ximo 3 de mayo en la Piazza del Campidoglio, en Roma, con el objetivo de reclamar por esos derechos borrados. \u00abHoy Italia est\u00e1 creando un limbo legal, un gris jur\u00eddico\u201d, donde cientos de argentinos y sus descendientes se ven completamente afectados y vulnerados\u00bb, advierten para finalizar.<\/p>\n","protected":false},"excerpt":{"rendered":"<p>A principios de abril el gobierno de Italia endureci\u00f3 las normas para pedir la ciudadan\u00eda<\/p>\n","protected":false},"author":4,"featured_media":5882,"comment_status":"open","ping_status":"open","sticky":false,"template":"","format":"standard","meta":{"om_disable_all_campaigns":false,"_monsterinsights_skip_tracking":false,"_monsterinsights_sitenote_active":false,"_monsterinsights_sitenote_note":"","_monsterinsights_sitenote_category":0},"categories":[263],"tags":[],"aioseo_notices":[],"jetpack_featured_media_url":"https:\/\/defiendase.com\/wp-content\/uploads\/2025\/04\/WhatsApp-Image-2025-04-30-at-11.30.53-1.jpeg","post_mailing_queue_ids":[],"_links":{"self":[{"href":"https:\/\/defiendase.com\/index.php\/wp-json\/wp\/v2\/posts\/5880"}],"collection":[{"href":"https:\/\/defiendase.com\/index.php\/wp-json\/wp\/v2\/posts"}],"about":[{"href":"https:\/\/defiendase.com\/index.php\/wp-json\/wp\/v2\/types\/post"}],"author":[{"embeddable":true,"href":"https:\/\/defiendase.com\/index.php\/wp-json\/wp\/v2\/users\/4"}],"replies":[{"embeddable":true,"href":"https:\/\/defiendase.com\/index.php\/wp-json\/wp\/v2\/comments?post=5880"}],"version-history":[{"count":1,"href":"https:\/\/defiendase.com\/index.php\/wp-json\/wp\/v2\/posts\/5880\/revisions"}],"predecessor-version":[{"id":5883,"href":"https:\/\/defiendase.com\/index.php\/wp-json\/wp\/v2\/posts\/5880\/revisions\/5883"}],"wp:featuredmedia":[{"embeddable":true,"href":"https:\/\/defiendase.com\/index.php\/wp-json\/wp\/v2\/media\/5882"}],"wp:attachment":[{"href":"https:\/\/defiendase.com\/index.php\/wp-json\/wp\/v2\/media?parent=5880"}],"wp:term":[{"taxonomy":"category","embeddable":true,"href":"https:\/\/defiendase.com\/index.php\/wp-json\/wp\/v2\/categories?post=5880"},{"taxonomy":"post_tag","embeddable":true,"href":"https:\/\/defiendase.com\/index.php\/wp-json\/wp\/v2\/tags?post=5880"}],"curies":[{"name":"wp","href":"https:\/\/api.w.org\/{rel}","templated":true}]}}