{"id":5877,"date":"2025-04-29T14:32:22","date_gmt":"2025-04-29T17:32:22","guid":{"rendered":"https:\/\/defiendase.com\/?p=5877"},"modified":"2025-04-29T14:32:24","modified_gmt":"2025-04-29T17:32:24","slug":"fallo-retroactivo-contra-la-movilidad-jubilatoria-aplicada-por-el-kirchnerismo","status":"publish","type":"post","link":"https:\/\/defiendase.com\/index.php\/fallo-retroactivo-contra-la-movilidad-jubilatoria-aplicada-por-el-kirchnerismo\/","title":{"rendered":"Fallo retroactivo contra la movilidad jubilatoria aplicada por el kirchnerismo"},"content":{"rendered":"\n<p>La justicia de Mar del Plata declar\u00f3 la inconstitucionalidad de los aumentos jubilatorios aplicados por el gobierno de Alberto Fern\u00e1ndez y Cristrina Kirchner entre 2021 y 2024 y orden\u00f3 a la Anses recalcular en forma retroactiva el haber de una jubilada, ajustando los montos seg\u00fan la inflaci\u00f3n.&nbsp;<\/p>\n\n\n\n<p>Los jueces Eduardo Jim\u00e9nez y Alejandro Tazza advirtieron que la mujer tuvo una p\u00e9rdida de poder adquisitivo del 50,3% con el esquema promovido por la administraci\u00f3n de Uni\u00f3n por la Patria porque no cobraba el bono que reciben los que perciben el haber m\u00ednimo. Adem\u00e1s tomaron como v\u00e1lida y adecuada la f\u00f3rmula actual que aplica el gobierno de Javier Milei para calcular los ajustes jubilatorios y, en base a eso, ordenaron que la demandante perciba en forma retroactiva los que no cobr\u00f3 durante los 4 a\u00f1os de gesti\u00f3n de Fern\u00e1ndez.&nbsp;<\/p>\n\n\n\n<p>Seg\u00fan el fallo, el gobierno de Uni\u00f3n por la Patria suspendi\u00f3 la aplicaci\u00f3n de la Ley de Movilidad aprobada durante la gesti\u00f3n de Macri y otorg\u00f3 discrecionalmente aumentos por debajo de la inflaci\u00f3n. Cabe destacar que seg\u00fan los datos del Indec, en esos 4 a\u00f1os el IPC creci\u00f3 un 1286% mientras que las jubilaciones y pensiones subieron s\u00f3lo un 606,3%. Esto redund\u00f3 en un agravamiento de la condici\u00f3n de todos los jubilados, aunque la resoluci\u00f3n s\u00f3lo se aplicar\u00eda al caso puntual de la demandante. &nbsp;<\/p>\n\n\n\n<p>Ahora el fallo podr\u00eda ser apelado por la Anses y terminar en manos de la Corte Suprema, como otros casos similares.&nbsp;<\/p>\n","protected":false},"excerpt":{"rendered":"<p>La justicia de Mar del Plata declar\u00f3 la inconstitucionalidad de los aumentos jubilatorios aplicados por<\/p>\n","protected":false},"author":4,"featured_media":5878,"comment_status":"open","ping_status":"open","sticky":false,"template":"","format":"standard","meta":{"om_disable_all_campaigns":false,"_monsterinsights_skip_tracking":false,"_monsterinsights_sitenote_active":false,"_monsterinsights_sitenote_note":"","_monsterinsights_sitenote_category":0},"categories":[2],"tags":[],"aioseo_notices":[],"jetpack_featured_media_url":"https:\/\/defiendase.com\/wp-content\/uploads\/2025\/04\/IMG_9330.jpeg","post_mailing_queue_ids":[],"_links":{"self":[{"href":"https:\/\/defiendase.com\/index.php\/wp-json\/wp\/v2\/posts\/5877"}],"collection":[{"href":"https:\/\/defiendase.com\/index.php\/wp-json\/wp\/v2\/posts"}],"about":[{"href":"https:\/\/defiendase.com\/index.php\/wp-json\/wp\/v2\/types\/post"}],"author":[{"embeddable":true,"href":"https:\/\/defiendase.com\/index.php\/wp-json\/wp\/v2\/users\/4"}],"replies":[{"embeddable":true,"href":"https:\/\/defiendase.com\/index.php\/wp-json\/wp\/v2\/comments?post=5877"}],"version-history":[{"count":1,"href":"https:\/\/defiendase.com\/index.php\/wp-json\/wp\/v2\/posts\/5877\/revisions"}],"predecessor-version":[{"id":5879,"href":"https:\/\/defiendase.com\/index.php\/wp-json\/wp\/v2\/posts\/5877\/revisions\/5879"}],"wp:featuredmedia":[{"embeddable":true,"href":"https:\/\/defiendase.com\/index.php\/wp-json\/wp\/v2\/media\/5878"}],"wp:attachment":[{"href":"https:\/\/defiendase.com\/index.php\/wp-json\/wp\/v2\/media?parent=5877"}],"wp:term":[{"taxonomy":"category","embeddable":true,"href":"https:\/\/defiendase.com\/index.php\/wp-json\/wp\/v2\/categories?post=5877"},{"taxonomy":"post_tag","embeddable":true,"href":"https:\/\/defiendase.com\/index.php\/wp-json\/wp\/v2\/tags?post=5877"}],"curies":[{"name":"wp","href":"https:\/\/api.w.org\/{rel}","templated":true}]}}