{"id":5764,"date":"2025-03-26T10:16:00","date_gmt":"2025-03-26T13:16:00","guid":{"rendered":"https:\/\/defiendase.com\/?p=5764"},"modified":"2025-03-26T14:00:58","modified_gmt":"2025-03-26T17:00:58","slug":"espinoza-va-a-juicio-por-abuso-y-abre-una-nueva-grieta-en-el-peronismo","status":"publish","type":"post","link":"https:\/\/defiendase.com\/index.php\/espinoza-va-a-juicio-por-abuso-y-abre-una-nueva-grieta-en-el-peronismo\/","title":{"rendered":"Espinoza va a juicio por abuso y abre una nueva grieta en el peronismo"},"content":{"rendered":"\n<p>El intendente de La Matanza, Fernando Espinoza, deber\u00e1 sentarse en el banquilo de los acusados en el juicio oral en el que se lo acusa por abuso sexual de una de sus secretarias privadas, Melody Rakauskas.<\/p>\n\n\n\n<p>El rev\u00e9s para el jefe comunal sucedi\u00f3 luego de que el juez Fernando Caunedo rechazara el pedido de sobreseimiento que hab\u00eda realizado la defensa y cerrara la etapa de investigaci\u00f3n. Antes ya se hab\u00eda confirmado su procesamiento.<\/p>\n\n\n\n<p>La denunciante celebr\u00f3 la elevaci\u00f3n a juicio y exigi\u00f3 que el dirigente peronista sea condenado. \u00abQu\u00e9 pague por haberme violado\u00bb, dijo Melody a 4 a\u00f1os de la denuncia original. Dijo que Espinoza siempre neg\u00f3 las pruebas y las pericias y busc\u00f3 por todos los medios desacreditarla y tratarla \u00abde loca\u00bb. La mujer record\u00f3 que los testigos aportados por el intendente intentaron hacer creer que ella era una prostituta, dijeron que extorsionaba hombres e incluso pidieron que la justicia la derive a un psiqui\u00e1trico.<\/p>\n\n\n\n<p>Seg\u00fan su relato, el intendente, abusando de su posici\u00f3n de poder, se autoinvit\u00f3 a comer a su casa y despu\u00e9s de una inc\u00f3moda cena le pidi\u00f3 que le hiciera masajes. Como ella se neg\u00f3, se le tir\u00f3 encima, la manose\u00f3 e intent\u00f3 tener relaciones sexuales forzadas.<\/p>\n\n\n\n<p>Rakauskas destac\u00f3 la valent\u00eda de los jueces del tribunal que mandaron al hist\u00f3rico dirigente del PJ a juicio y lament\u00f3 la falta de apoyo de Kicillof: \u00abEl gobernador no le pidi\u00f3 nunca la renuncia\u00bb, dijo.<\/p>\n\n\n\n<p>En este sentido, en el peronismo la decisi\u00f3n judicial de que Espinoza vaya a juicio encendi\u00f3 las alarmas. En un a\u00f1o electoral y con los n\u00fameros en la provincia arrojando una paridad que compromete las chances del PJ, no son pocos los que creen que el intendente deber\u00eda tomar licencia. En la interna bonaerense,&nbsp; Espinoza rompi\u00f3 con el kirchnerismo duro para anotarse en las filas de Kicillof, que por ahora lo banca.<\/p>\n\n\n\n<p>Una nueva grieta entre el kirchnerismo y el gobernador que coloca en una posici\u00f3n a\u00fan m\u00e1s fr\u00e1gil al intendente, que ve multiplicarse las sombras tanto en su horizonte pol\u00edtico como judicial.<\/p>\n","protected":false},"excerpt":{"rendered":"<p>El intendente de La Matanza, Fernando Espinoza, deber\u00e1 sentarse en el banquilo de los acusados<\/p>\n","protected":false},"author":4,"featured_media":5765,"comment_status":"open","ping_status":"open","sticky":false,"template":"","format":"standard","meta":{"om_disable_all_campaigns":false,"_monsterinsights_skip_tracking":false,"_monsterinsights_sitenote_active":false,"_monsterinsights_sitenote_note":"","_monsterinsights_sitenote_category":0},"categories":[263],"tags":[],"aioseo_notices":[],"jetpack_featured_media_url":"https:\/\/defiendase.com\/wp-content\/uploads\/2025\/03\/espinoza_kicillof1.webp","post_mailing_queue_ids":[],"_links":{"self":[{"href":"https:\/\/defiendase.com\/index.php\/wp-json\/wp\/v2\/posts\/5764"}],"collection":[{"href":"https:\/\/defiendase.com\/index.php\/wp-json\/wp\/v2\/posts"}],"about":[{"href":"https:\/\/defiendase.com\/index.php\/wp-json\/wp\/v2\/types\/post"}],"author":[{"embeddable":true,"href":"https:\/\/defiendase.com\/index.php\/wp-json\/wp\/v2\/users\/4"}],"replies":[{"embeddable":true,"href":"https:\/\/defiendase.com\/index.php\/wp-json\/wp\/v2\/comments?post=5764"}],"version-history":[{"count":1,"href":"https:\/\/defiendase.com\/index.php\/wp-json\/wp\/v2\/posts\/5764\/revisions"}],"predecessor-version":[{"id":5766,"href":"https:\/\/defiendase.com\/index.php\/wp-json\/wp\/v2\/posts\/5764\/revisions\/5766"}],"wp:featuredmedia":[{"embeddable":true,"href":"https:\/\/defiendase.com\/index.php\/wp-json\/wp\/v2\/media\/5765"}],"wp:attachment":[{"href":"https:\/\/defiendase.com\/index.php\/wp-json\/wp\/v2\/media?parent=5764"}],"wp:term":[{"taxonomy":"category","embeddable":true,"href":"https:\/\/defiendase.com\/index.php\/wp-json\/wp\/v2\/categories?post=5764"},{"taxonomy":"post_tag","embeddable":true,"href":"https:\/\/defiendase.com\/index.php\/wp-json\/wp\/v2\/tags?post=5764"}],"curies":[{"name":"wp","href":"https:\/\/api.w.org\/{rel}","templated":true}]}}