{"id":5745,"date":"2025-03-21T15:30:41","date_gmt":"2025-03-21T18:30:41","guid":{"rendered":"https:\/\/defiendase.com\/?p=5745"},"modified":"2025-03-22T11:28:19","modified_gmt":"2025-03-22T14:28:19","slug":"fin-de-la-moratoria-a-partir-del-domingo-el-que-no-tenga-30-anos-de-aportes-no-podra-jubilarse","status":"publish","type":"post","link":"https:\/\/defiendase.com\/index.php\/fin-de-la-moratoria-a-partir-del-domingo-el-que-no-tenga-30-anos-de-aportes-no-podra-jubilarse\/","title":{"rendered":"Fin de la moratoria: a partir del domingo, el que no tenga 30 a\u00f1os de aportes no podr\u00e1 jubilarse"},"content":{"rendered":"\n<p>Este domingo 23 de marzo termina la moratoria, es decir, el sistema que permit\u00eda comprar aportes para acceder a una jubilaci\u00f3n cuando se cumpla la edad correspondiente.<\/p>\n\n\n\n<p>Esto significa que a partir de ahora todos aquellos hombres que cumplan 65 a\u00f1os y todas aquellas mujeres que cumplan 60 y no tengan 30 a\u00f1os de aportes no podr\u00e1n jubilarse y tendr\u00e1n contentarse con una Pensi\u00f3n Universal para el Adulto Mayor (PUAM), que representa s\u00f3lo el 80% de una jubilaci\u00f3n m\u00ednima y no permite cobrar ning\u00fan bono extra. Hoy una PUAM equivale al cobro mensual de 293 mil pesos cuando la canasta de un jubilado ronda los 1.200.000 pesos.<\/p>\n\n\n\n<p>Esto se da en un contexto en el que, seg\u00fan los propios n\u00fameros del Indec, crece la informalidad laboral, por lo tanto los trabajadores no cuentan con los aportes correspondientes para poder acceder a la jubilaci\u00f3n. La informalidad, a su vez, reduce la caja previsional, porque los aportantes en blanco son menos, y es una de las razones que lleva al Gobierno a eliminar la moratoria.<\/p>\n\n\n\n<p>Seg\u00fan los datos de la Subsecretar\u00eda de Seguridad Social, dos tercios de los jubilados actuales accedieron a esa condici\u00f3n a trav\u00e9s de la moratoria.&nbsp; Y, dada la falta de aportes, seg\u00fan las proyecciones el 60% de las personas que lleguen a la edad jubilatoria no podr\u00e1n hacerlo.<\/p>\n\n\n\n<p>Quienes ya hab\u00edan entrado en la moratoria podr\u00e1n seguir pagando sus aportes para jubilarse, pero son los menos. Para el resto, el futuro es muy complicado e incierto.<\/p>\n\n\n\n<figure class=\"wp-block-video\"><video controls src=\"https:\/\/defiendase.com\/wp-content\/uploads\/2025\/03\/9c7af90e-1eba-45f2-9d23-fb0f791e20ac.mov\"><\/video><figcaption>Silvia Arce, especialista previsional<\/figcaption><\/figure>\n","protected":false},"excerpt":{"rendered":"<p>Este domingo 23 de marzo termina la moratoria, es decir, el sistema que permit\u00eda comprar<\/p>\n","protected":false},"author":4,"featured_media":5746,"comment_status":"open","ping_status":"open","sticky":false,"template":"","format":"standard","meta":{"om_disable_all_campaigns":false,"_monsterinsights_skip_tracking":false,"_monsterinsights_sitenote_active":false,"_monsterinsights_sitenote_note":"","_monsterinsights_sitenote_category":0},"categories":[2],"tags":[],"aioseo_notices":[],"jetpack_featured_media_url":"https:\/\/defiendase.com\/wp-content\/uploads\/2025\/03\/moratoria.jpg","post_mailing_queue_ids":[],"_links":{"self":[{"href":"https:\/\/defiendase.com\/index.php\/wp-json\/wp\/v2\/posts\/5745"}],"collection":[{"href":"https:\/\/defiendase.com\/index.php\/wp-json\/wp\/v2\/posts"}],"about":[{"href":"https:\/\/defiendase.com\/index.php\/wp-json\/wp\/v2\/types\/post"}],"author":[{"embeddable":true,"href":"https:\/\/defiendase.com\/index.php\/wp-json\/wp\/v2\/users\/4"}],"replies":[{"embeddable":true,"href":"https:\/\/defiendase.com\/index.php\/wp-json\/wp\/v2\/comments?post=5745"}],"version-history":[{"count":2,"href":"https:\/\/defiendase.com\/index.php\/wp-json\/wp\/v2\/posts\/5745\/revisions"}],"predecessor-version":[{"id":5752,"href":"https:\/\/defiendase.com\/index.php\/wp-json\/wp\/v2\/posts\/5745\/revisions\/5752"}],"wp:featuredmedia":[{"embeddable":true,"href":"https:\/\/defiendase.com\/index.php\/wp-json\/wp\/v2\/media\/5746"}],"wp:attachment":[{"href":"https:\/\/defiendase.com\/index.php\/wp-json\/wp\/v2\/media?parent=5745"}],"wp:term":[{"taxonomy":"category","embeddable":true,"href":"https:\/\/defiendase.com\/index.php\/wp-json\/wp\/v2\/categories?post=5745"},{"taxonomy":"post_tag","embeddable":true,"href":"https:\/\/defiendase.com\/index.php\/wp-json\/wp\/v2\/tags?post=5745"}],"curies":[{"name":"wp","href":"https:\/\/api.w.org\/{rel}","templated":true}]}}