{"id":5665,"date":"2025-02-26T14:52:46","date_gmt":"2025-02-26T17:52:46","guid":{"rendered":"https:\/\/defiendase.com\/?p=5665"},"modified":"2025-02-26T14:54:55","modified_gmt":"2025-02-26T17:54:55","slug":"milei-completo-la-corte-por-decreto","status":"publish","type":"post","link":"https:\/\/defiendase.com\/index.php\/milei-completo-la-corte-por-decreto\/","title":{"rendered":"Milei complet\u00f3 la Corte por decreto"},"content":{"rendered":"\n<p>Finalmente, el presidente no esper\u00f3 al Senado y design\u00f3 por decreto a Ariel Lijo y a Manuel Garc\u00eda-Mansilla como jueces de la Corte Suprema. Ambos nombres eran resistidos por la C\u00e1mara Alta y el tiempo para nombrarlos a trav\u00e9s de un DNU se acababa este viernes 28, porque el s\u00e1bado arrancan las sesiones ordinarias del Congreso.<\/p>\n\n\n\n<p>\u00abEl Presidente ha tomado la determinaci\u00f3n de designar en comisi\u00f3n a los doctores Manuel Garc\u00eda &#8211; Mansilla y Ariel Lijo como jueces de la Corte Suprema de la Naci\u00f3n hasta la finalizaci\u00f3n del pr\u00f3ximo per\u00edodo legislativo con el objetivo de normalizar el funcionamiento del M\u00e1ximo Tribunal judicial de nuestro pa\u00eds, el cual no puede llevar a cabo su rol con normalidad con s\u00f3lo tres miembros\u00bb, dice el comunicado de la Casa Rosada.<\/p>\n\n\n\n<p>Despu\u00e9s, el texto difundido por Presidencia parece hablarle directamente a los senadores. \u00abDurante el mencionado plazo esta administraci\u00f3n continuar\u00e1 con el tr\u00e1mite legislativo para que la C\u00e1mara Alta ejerza sus atribuciones y preste los correspondientes acuerdos a los pliegos. El Gobierno Nacional no tolera ni tolerar\u00e1 que los intereses de la pol\u00edtica se impongan por sobre los del pueblo argentino bajo ninguna circunstancia\u00bb, dice.<\/p>\n\n\n\n<p>A continuaci\u00f3n, el Gobierno parece querer marcarles la cancha a los miembros de la C\u00e1mara Alta: \u00abEn ning\u00fan caso el Senado tiene potestad para rechazar el acuerdo de los candidatos propuestos por el Presidente en base a preferencias personales o pol\u00edticas de los senadores. De hecho, es la politizaci\u00f3n de la Justicia una de las principales causas de que los argentinos no tengan un servicio de Justicia que resuelva sus problemas. La Constituci\u00f3n claramente establece que es el Presidente, y nadie m\u00e1s, quien tiene la facultad de seleccionar los candidatos para cubrir las vacantes en el M\u00e1ximo Tribunal, limit\u00e1ndose el Senado a prestar su conformidad o rechazarlas en funci\u00f3n de un an\u00e1lisis objetivo de la idoneidad t\u00e9cnica de los candidatos\u00bb.<\/p>\n\n\n\n<p>Tanto Lijo como Garc\u00eda &#8211; Mansilla hab\u00edan tenido sus audiencias en el Congreso en agosto y los pliegos de ambos hab\u00edan quedado en condiciones de ser tratados en el recinto. Sin embargo, el Senado no los incluy\u00f3 en el debate durante las sesiones ordinarias de 2024 y tampoco en las extraordinarias convocadas por Milei.<\/p>\n\n\n\n<p>Ahora la oposici\u00f3n, que rechaza las designaciones por decreto, analiza distintas alternativas para frenar los nombramientos. La m\u00e1s factible es que la C\u00e1mara Alta vote en contra. Pero tambi\u00e9n el foco est\u00e1 en la propia Corte, donde los propios jueces pueden optar por no tomarles juramento.<\/p>\n","protected":false},"excerpt":{"rendered":"<p>Finalmente, el presidente no esper\u00f3 al Senado y design\u00f3 por decreto a Ariel Lijo y<\/p>\n","protected":false},"author":4,"featured_media":5666,"comment_status":"open","ping_status":"open","sticky":false,"template":"","format":"standard","meta":{"om_disable_all_campaigns":false,"_monsterinsights_skip_tracking":false,"_monsterinsights_sitenote_active":false,"_monsterinsights_sitenote_note":"","_monsterinsights_sitenote_category":0},"categories":[263],"tags":[],"aioseo_notices":[],"jetpack_featured_media_url":"https:\/\/defiendase.com\/wp-content\/uploads\/2025\/02\/IMG_5663.png","post_mailing_queue_ids":[],"_links":{"self":[{"href":"https:\/\/defiendase.com\/index.php\/wp-json\/wp\/v2\/posts\/5665"}],"collection":[{"href":"https:\/\/defiendase.com\/index.php\/wp-json\/wp\/v2\/posts"}],"about":[{"href":"https:\/\/defiendase.com\/index.php\/wp-json\/wp\/v2\/types\/post"}],"author":[{"embeddable":true,"href":"https:\/\/defiendase.com\/index.php\/wp-json\/wp\/v2\/users\/4"}],"replies":[{"embeddable":true,"href":"https:\/\/defiendase.com\/index.php\/wp-json\/wp\/v2\/comments?post=5665"}],"version-history":[{"count":1,"href":"https:\/\/defiendase.com\/index.php\/wp-json\/wp\/v2\/posts\/5665\/revisions"}],"predecessor-version":[{"id":5667,"href":"https:\/\/defiendase.com\/index.php\/wp-json\/wp\/v2\/posts\/5665\/revisions\/5667"}],"wp:featuredmedia":[{"embeddable":true,"href":"https:\/\/defiendase.com\/index.php\/wp-json\/wp\/v2\/media\/5666"}],"wp:attachment":[{"href":"https:\/\/defiendase.com\/index.php\/wp-json\/wp\/v2\/media?parent=5665"}],"wp:term":[{"taxonomy":"category","embeddable":true,"href":"https:\/\/defiendase.com\/index.php\/wp-json\/wp\/v2\/categories?post=5665"},{"taxonomy":"post_tag","embeddable":true,"href":"https:\/\/defiendase.com\/index.php\/wp-json\/wp\/v2\/tags?post=5665"}],"curies":[{"name":"wp","href":"https:\/\/api.w.org\/{rel}","templated":true}]}}