{"id":5660,"date":"2025-02-25T11:49:32","date_gmt":"2025-02-25T14:49:32","guid":{"rendered":"https:\/\/defiendase.com\/?p=5660"},"modified":"2025-02-26T15:52:10","modified_gmt":"2025-02-26T18:52:10","slug":"un-bebe-sin-nadie-en-el-mundo-el-vacio-legal-tras-una-subrogacion-de-vientre","status":"publish","type":"post","link":"https:\/\/defiendase.com\/index.php\/un-bebe-sin-nadie-en-el-mundo-el-vacio-legal-tras-una-subrogacion-de-vientre\/","title":{"rendered":"Un beb\u00e9 sin nadie en el mundo: el vac\u00edo legal tras una subrogaci\u00f3n de vientre"},"content":{"rendered":"\n<p>En C\u00f3rdoba la justicia debe hacer frente al vac\u00edo legal que gener\u00f3 un caso de subrogaci\u00f3n de vientre que no termin\u00f3 como se esperaba porque el beb\u00e9 naci\u00f3 prematuro y la mujer que hab\u00eda pagado por la gestaci\u00f3n lo rechaz\u00f3.<\/p>\n\n\n\n<p>La mujer gestante, por su parte, tampoco quiso hacerse cargo y el ni\u00f1o pas\u00f3 los dos primeros meses de su vida en una incubadora, sin madre.<\/p>\n\n\n\n<p>Si bien el parto estaba programado para enero en la ciudad de Buenos Aires, el ni\u00f1o naci\u00f3 en noviembre en el Sanatorio Allende de C\u00f3rdoba. En ese momento, la mujer que hab\u00eda aportado sus \u00f3vulos, que vive en Francia, desisti\u00f3 de tenerlo por considerar err\u00f3neamente que ser sietemesino pod\u00eda traerle problemas de salud, y desapareci\u00f3.<\/p>\n\n\n\n<p>La madre gestante, por su parte, que hab\u00eda accedido a poner su cuerpo por dinero, tampoco pudo hacerse cargo. El beb\u00e9 termin\u00f3 su desarrollo en una sala de neonatolog\u00eda del sanatorio y luego fue dado a una familia de tr\u00e1nsito.<\/p>\n\n\n\n<p>Seg\u00fan la abogada de familia, Elena Baroni, en este caso existe un vac\u00edo legal porque la subrogaci\u00f3n de vientre no est\u00e1 regulada por ley pero tampoco est\u00e1 prohibida. La letrada explic\u00f3 que, en principio, para la justicia argentina la madre es la gestante.<\/p>\n\n\n\n<p>\u201cComo ni la mujer francesa ni la mujer gestante lo reclaman, el beb\u00e9 pasa a una familia de tr\u00e1nsito y luego deber\u00e1 ponerse en adopci\u00f3n como cualquier ni\u00f1o al que sus padres abandonan\u201d, sostuvo.<\/p>\n\n\n\n<p>Sin embargo, la especialista advirti\u00f3 que primero se intentar\u00e1 acercar a la madre gestante al ni\u00f1o a trav\u00e9s de asistentes psicol\u00f3gicos y que, si eso no prospera, reci\u00e9n ah\u00ed se resolver\u00e1 el tema de la adopci\u00f3n. <\/p>\n\n\n\n<p><\/p>\n","protected":false},"excerpt":{"rendered":"<p>En C\u00f3rdoba la justicia debe hacer frente al vac\u00edo legal que gener\u00f3 un caso de<\/p>\n","protected":false},"author":4,"featured_media":5661,"comment_status":"open","ping_status":"open","sticky":false,"template":"","format":"standard","meta":{"om_disable_all_campaigns":false,"_monsterinsights_skip_tracking":false,"_monsterinsights_sitenote_active":false,"_monsterinsights_sitenote_note":"","_monsterinsights_sitenote_category":0},"categories":[252],"tags":[],"aioseo_notices":[],"jetpack_featured_media_url":"https:\/\/defiendase.com\/wp-content\/uploads\/2025\/02\/bebe.jpg","post_mailing_queue_ids":[],"_links":{"self":[{"href":"https:\/\/defiendase.com\/index.php\/wp-json\/wp\/v2\/posts\/5660"}],"collection":[{"href":"https:\/\/defiendase.com\/index.php\/wp-json\/wp\/v2\/posts"}],"about":[{"href":"https:\/\/defiendase.com\/index.php\/wp-json\/wp\/v2\/types\/post"}],"author":[{"embeddable":true,"href":"https:\/\/defiendase.com\/index.php\/wp-json\/wp\/v2\/users\/4"}],"replies":[{"embeddable":true,"href":"https:\/\/defiendase.com\/index.php\/wp-json\/wp\/v2\/comments?post=5660"}],"version-history":[{"count":3,"href":"https:\/\/defiendase.com\/index.php\/wp-json\/wp\/v2\/posts\/5660\/revisions"}],"predecessor-version":[{"id":5671,"href":"https:\/\/defiendase.com\/index.php\/wp-json\/wp\/v2\/posts\/5660\/revisions\/5671"}],"wp:featuredmedia":[{"embeddable":true,"href":"https:\/\/defiendase.com\/index.php\/wp-json\/wp\/v2\/media\/5661"}],"wp:attachment":[{"href":"https:\/\/defiendase.com\/index.php\/wp-json\/wp\/v2\/media?parent=5660"}],"wp:term":[{"taxonomy":"category","embeddable":true,"href":"https:\/\/defiendase.com\/index.php\/wp-json\/wp\/v2\/categories?post=5660"},{"taxonomy":"post_tag","embeddable":true,"href":"https:\/\/defiendase.com\/index.php\/wp-json\/wp\/v2\/tags?post=5660"}],"curies":[{"name":"wp","href":"https:\/\/api.w.org\/{rel}","templated":true}]}}