{"id":5646,"date":"2025-02-19T11:17:20","date_gmt":"2025-02-19T14:17:20","guid":{"rendered":"https:\/\/defiendase.com\/?p=5646"},"modified":"2025-02-19T11:17:22","modified_gmt":"2025-02-19T14:17:22","slug":"peligra-la-defensoria-de-menores","status":"publish","type":"post","link":"https:\/\/defiendase.com\/index.php\/peligra-la-defensoria-de-menores\/","title":{"rendered":"Peligra la Defensor\u00eda de menores"},"content":{"rendered":"\n<p>El pr\u00f3ximo 1 de marzo vence el mandato de la actual titular de la Defensor\u00eda de Ni\u00f1os, Ni\u00f1as y Adolescentes, Marisa Graham. Y debido a que el tr\u00e1mite para designar a un reemplazante dura como m\u00ednimo unos 40 d\u00edas, desde &nbsp;organizaciones presentaron un amparo colectivo para instar a que el Congreso nacional ponga en marcha el concurso de antecedentes para elegir, lo m\u00e1s r\u00e1pido posible, a un nuevo defensor.<\/p>\n\n\n\n<p>El reclamo fue firmado por la Asociaci\u00f3n Civil por la Igualdad y la Justicia (ACIJ), la Fundaci\u00f3n para el Estudio e Investigaci\u00f3n de la Mujer, el Centro de Estudios Legales y Sociales (CELS), la Fundaci\u00f3n Poder Ciudadano, el Equipo Latinoamericano de Justicia y G\u00e9nero (ELA) y la Fundaci\u00f3n Sur.&nbsp;<\/p>\n\n\n\n<p>En el amparo se pide a la justicia que ordene al Senado de la Naci\u00f3n que constituya la Comisi\u00f3n Bicameral que debe elegir al sucesor de Graham. Incluso se admite que la actual defensora siga en el cargo con tal de que el organismo que defiende los derechos de ni\u00f1os, ni\u00f1as y adolescentes siga funcionando.&nbsp;<\/p>\n\n\n\n<p>La ley indica que la bicameral, integrada por 5 diputados y 5 senadores, debe convocar a un concurso p\u00fablico y evaluar los antecedentes de los candidatos antes de elegir. Por ahora, de esa comisi\u00f3n s\u00f3lo est\u00e1n designados los 5 legisladores de la c\u00e1mara baja y el Gobierno no incluy\u00f3 el tratamiento en las sesiones extraordinarias, con lo cual, si el proceso arranca reci\u00e9n el 1 de marzo, habr\u00e1 al menos un mes y medio sin defensor oficial.&nbsp;<\/p>\n\n\n\n<p>Por esta raz\u00f3n, se espera que la justicia falle lo antes posible y ordene que se designen los 5 senadores que faltan para arrancar el proceso.&nbsp;<\/p>\n","protected":false},"excerpt":{"rendered":"<p>El pr\u00f3ximo 1 de marzo vence el mandato de la actual titular de la Defensor\u00eda<\/p>\n","protected":false},"author":4,"featured_media":5647,"comment_status":"open","ping_status":"open","sticky":false,"template":"","format":"standard","meta":{"om_disable_all_campaigns":false,"_monsterinsights_skip_tracking":false,"_monsterinsights_sitenote_active":false,"_monsterinsights_sitenote_note":"","_monsterinsights_sitenote_category":0},"categories":[252],"tags":[],"aioseo_notices":[],"jetpack_featured_media_url":"https:\/\/defiendase.com\/wp-content\/uploads\/2025\/02\/IMG_6727.jpeg","post_mailing_queue_ids":[],"_links":{"self":[{"href":"https:\/\/defiendase.com\/index.php\/wp-json\/wp\/v2\/posts\/5646"}],"collection":[{"href":"https:\/\/defiendase.com\/index.php\/wp-json\/wp\/v2\/posts"}],"about":[{"href":"https:\/\/defiendase.com\/index.php\/wp-json\/wp\/v2\/types\/post"}],"author":[{"embeddable":true,"href":"https:\/\/defiendase.com\/index.php\/wp-json\/wp\/v2\/users\/4"}],"replies":[{"embeddable":true,"href":"https:\/\/defiendase.com\/index.php\/wp-json\/wp\/v2\/comments?post=5646"}],"version-history":[{"count":1,"href":"https:\/\/defiendase.com\/index.php\/wp-json\/wp\/v2\/posts\/5646\/revisions"}],"predecessor-version":[{"id":5648,"href":"https:\/\/defiendase.com\/index.php\/wp-json\/wp\/v2\/posts\/5646\/revisions\/5648"}],"wp:featuredmedia":[{"embeddable":true,"href":"https:\/\/defiendase.com\/index.php\/wp-json\/wp\/v2\/media\/5647"}],"wp:attachment":[{"href":"https:\/\/defiendase.com\/index.php\/wp-json\/wp\/v2\/media?parent=5646"}],"wp:term":[{"taxonomy":"category","embeddable":true,"href":"https:\/\/defiendase.com\/index.php\/wp-json\/wp\/v2\/categories?post=5646"},{"taxonomy":"post_tag","embeddable":true,"href":"https:\/\/defiendase.com\/index.php\/wp-json\/wp\/v2\/tags?post=5646"}],"curies":[{"name":"wp","href":"https:\/\/api.w.org\/{rel}","templated":true}]}}