{"id":5630,"date":"2025-02-12T12:07:54","date_gmt":"2025-02-12T15:07:54","guid":{"rendered":"https:\/\/defiendase.com\/?p=5630"},"modified":"2025-02-12T12:07:56","modified_gmt":"2025-02-12T15:07:56","slug":"la-camara-nacional-de-apelaciones-vs-la-corte","status":"publish","type":"post","link":"https:\/\/defiendase.com\/index.php\/la-camara-nacional-de-apelaciones-vs-la-corte\/","title":{"rendered":"La C\u00e1mara Nacional de Apelaciones vs la Corte"},"content":{"rendered":"\n<p>La C\u00e1mara Nacional de Apelaciones en lo Civil se enfrent\u00f3 a la Corte Suprema y resolvi\u00f3 desobedecer el fallo que la obligaba a remitir sus causas al Superior Tribunal de Justicia de la Ciudad.&nbsp;<\/p>\n\n\n\n<p>Seg\u00fan los camaristas, la Corte \u201cse apart\u00f3 de los principios b\u00e1sicos de la organizaci\u00f3n de un Estado republicano y democr\u00e1tico\u201d al tomar una decisi\u00f3n que \u00bb trastoca por completo el sistema constitucional argentino al habilitar a un tribunal local para revisar decisiones de los jueces nacionales\u00bb.<\/p>\n\n\n\n<p>Con esto rechazaron el fallo \u00abLevinas\u00bb que estipulaba que una causa que tuviera la intervenci\u00f3n de una C\u00e1mara Nacional se pod\u00eda apelar en la justicia porte\u00f1a y reci\u00e9n despu\u00e9s pasar al \u00e1mbito de la Corte.&nbsp;<\/p>\n\n\n\n<p>En otro pasaje del texto, los camaristas sostuvieron que la Corte \u00abno tiene facultades constitucionales para crear v\u00edas recursivas, ni para entremezclar un orden de competencias local con otro nacional\u00bb<\/p>\n\n\n\n<p>Al igual que la C\u00e1mara Civil, la C\u00e1mara Nacional de Apelaciones en lo Comercial tambi\u00e9n convoc\u00f3 a un plenario para expedirse sobre el tema.&nbsp;<\/p>\n\n\n\n<p>Mientras tanto, desde el ministerio de justicia de la Ciudad pidieron que se respete el fallo de la Corte y se agilicen las transferencias para darle \u00absoluciones porte\u00f1as a los porte\u00f1os\u00bb.<\/p>\n","protected":false},"excerpt":{"rendered":"<p>La C\u00e1mara Nacional de Apelaciones en lo Civil se enfrent\u00f3 a la Corte Suprema y<\/p>\n","protected":false},"author":4,"featured_media":5631,"comment_status":"open","ping_status":"open","sticky":false,"template":"","format":"standard","meta":{"om_disable_all_campaigns":false,"_monsterinsights_skip_tracking":false,"_monsterinsights_sitenote_active":false,"_monsterinsights_sitenote_note":"","_monsterinsights_sitenote_category":0},"categories":[263],"tags":[],"aioseo_notices":[],"jetpack_featured_media_url":"https:\/\/defiendase.com\/wp-content\/uploads\/2025\/02\/IMG_6402.jpeg","post_mailing_queue_ids":[],"_links":{"self":[{"href":"https:\/\/defiendase.com\/index.php\/wp-json\/wp\/v2\/posts\/5630"}],"collection":[{"href":"https:\/\/defiendase.com\/index.php\/wp-json\/wp\/v2\/posts"}],"about":[{"href":"https:\/\/defiendase.com\/index.php\/wp-json\/wp\/v2\/types\/post"}],"author":[{"embeddable":true,"href":"https:\/\/defiendase.com\/index.php\/wp-json\/wp\/v2\/users\/4"}],"replies":[{"embeddable":true,"href":"https:\/\/defiendase.com\/index.php\/wp-json\/wp\/v2\/comments?post=5630"}],"version-history":[{"count":1,"href":"https:\/\/defiendase.com\/index.php\/wp-json\/wp\/v2\/posts\/5630\/revisions"}],"predecessor-version":[{"id":5632,"href":"https:\/\/defiendase.com\/index.php\/wp-json\/wp\/v2\/posts\/5630\/revisions\/5632"}],"wp:featuredmedia":[{"embeddable":true,"href":"https:\/\/defiendase.com\/index.php\/wp-json\/wp\/v2\/media\/5631"}],"wp:attachment":[{"href":"https:\/\/defiendase.com\/index.php\/wp-json\/wp\/v2\/media?parent=5630"}],"wp:term":[{"taxonomy":"category","embeddable":true,"href":"https:\/\/defiendase.com\/index.php\/wp-json\/wp\/v2\/categories?post=5630"},{"taxonomy":"post_tag","embeddable":true,"href":"https:\/\/defiendase.com\/index.php\/wp-json\/wp\/v2\/tags?post=5630"}],"curies":[{"name":"wp","href":"https:\/\/api.w.org\/{rel}","templated":true}]}}