{"id":5626,"date":"2025-02-11T14:39:50","date_gmt":"2025-02-11T17:39:50","guid":{"rendered":"https:\/\/defiendase.com\/?p=5626"},"modified":"2025-02-11T14:39:52","modified_gmt":"2025-02-11T17:39:52","slug":"en-enero-aumentaron-las-denuncias-por-violencia-de-genero","status":"publish","type":"post","link":"https:\/\/defiendase.com\/index.php\/en-enero-aumentaron-las-denuncias-por-violencia-de-genero\/","title":{"rendered":"En enero aumentaron las denuncias por violencia de g\u00e9nero"},"content":{"rendered":"\n<p>Despu\u00e9s de que el Gobierno anunciara p\u00fablicamente su intenci\u00f3n de eliminar la figura del Femicidio del C\u00f3digo Penal, derogar la Ley Micaela &#8211; que obliga a los trabajadores de los poderes Ejecutivo y Legislativo y Judicial &nbsp;a formarse en perspectiva de g\u00e9nero- &nbsp;y avanzar en contra de distintas pol\u00edticas de g\u00e9nero, la oficina de violencia dom\u00e9stica de la Corte Suprema revel\u00f3 que en enero crecieron fuerte las denuncias por agresiones contra mujeres.&nbsp;<\/p>\n\n\n\n<p>\u00abDurante la feria judicial de enero de 2025, la Oficina de Violencia Dom\u00e9stica de la Corte Suprema atendi\u00f3 a 1761 personas, un 8% m\u00e1s que en igual per\u00edodo del a\u00f1o anterior\u00bb, sostiene el informe. \u00abLos equipos interdisciplinarios de la OVD evaluaron la situaci\u00f3n de 1129 personas afectadas en las presentaciones recibidas. El grupo m\u00e1s afectado fue el de las mujeres de 18 a\u00f1os y m\u00e1s (60%); seguido por el de ni\u00f1as, ni\u00f1os y adolescentes (27%) y el de varones de 18 a\u00f1os y m\u00e1s (13%)\u00bb, detalla el texto.\u00a0<\/p>\n\n\n\n<figure class=\"wp-block-image size-full\"><img loading=\"lazy\" width=\"800\" height=\"644\" src=\"https:\/\/defiendase.com\/wp-content\/uploads\/2025\/02\/IMG_6393.jpeg\" alt=\"\" class=\"wp-image-5628\" srcset=\"https:\/\/defiendase.com\/wp-content\/uploads\/2025\/02\/IMG_6393.jpeg 800w, https:\/\/defiendase.com\/wp-content\/uploads\/2025\/02\/IMG_6393-300x242.jpeg 300w, https:\/\/defiendase.com\/wp-content\/uploads\/2025\/02\/IMG_6393-768x618.jpeg 768w, https:\/\/defiendase.com\/wp-content\/uploads\/2025\/02\/IMG_6393-600x483.jpeg 600w\" sizes=\"(max-width: 800px) 100vw, 800px\" \/><\/figure>\n\n\n\n<p>El 47% de las v\u00edctimas ten\u00eda un v\u00ednculo de pareja o expareja con los agresores, el 33% una relaci\u00f3n de padre -hijo y el resto, v\u00ednculos familiares lejanos o simplemente fraternales. &nbsp;En el 96% de los casos se registr\u00f3 violencia de tipo psicol\u00f3gica, f\u00edsica (48%), simb\u00f3lica (44%), ambiental (34%), econ\u00f3mica patrimonial (26%), sexual (7%), social (6%) y de tipo digital (3%).&nbsp;<\/p>\n\n\n\n<p>Seg\u00fan se detalla desde la Oficina de Violencia de G\u00e9nero, \u00abdel total de presentaciones recibidas durante la feria judicial de enero de este a\u00f1o, 99,6% tuvo derivaci\u00f3n a la Justicia Nacional en lo Civil; 15% a la Justicia Nacional en lo Criminal y Correccional; 69% al Fuero Penal, Penal Juvenil, Contravencional y de Faltas de la Ciudad de Buenos Aires, y 26% al Consejo de Derechos de Ni\u00f1as, Ni\u00f1os y Adolescentes (GCBA). La OVD tambi\u00e9n gestion\u00f3 la entrega de 81 botones antip\u00e1nico (un promedio de 2,5 por d\u00eda)\u00bb.<\/p>\n\n\n\n<p>Pese a esto, el Gobierno sigue en su plan de mandar al Congreso un paquete de leyes para eliminar toda norma que contemple \u00abdiscriminaci\u00f3n positiva sobre las minor\u00edas\u00bb porque, seg\u00fan Javier Milei, eso antenta contra la igualdad ante la ley. Y no se descarta que sea una de las banderas de campa\u00f1a de cara a las elecciones legislativas de este a\u00f1o.<\/p>\n","protected":false},"excerpt":{"rendered":"<p>Despu\u00e9s de que el Gobierno anunciara p\u00fablicamente su intenci\u00f3n de eliminar la figura del Femicidio<\/p>\n","protected":false},"author":4,"featured_media":5627,"comment_status":"open","ping_status":"open","sticky":false,"template":"","format":"standard","meta":{"om_disable_all_campaigns":false,"_monsterinsights_skip_tracking":false,"_monsterinsights_sitenote_active":false,"_monsterinsights_sitenote_note":"","_monsterinsights_sitenote_category":0},"categories":[252],"tags":[],"aioseo_notices":[],"jetpack_featured_media_url":"https:\/\/defiendase.com\/wp-content\/uploads\/2025\/02\/IMG_6392.jpeg","post_mailing_queue_ids":[],"_links":{"self":[{"href":"https:\/\/defiendase.com\/index.php\/wp-json\/wp\/v2\/posts\/5626"}],"collection":[{"href":"https:\/\/defiendase.com\/index.php\/wp-json\/wp\/v2\/posts"}],"about":[{"href":"https:\/\/defiendase.com\/index.php\/wp-json\/wp\/v2\/types\/post"}],"author":[{"embeddable":true,"href":"https:\/\/defiendase.com\/index.php\/wp-json\/wp\/v2\/users\/4"}],"replies":[{"embeddable":true,"href":"https:\/\/defiendase.com\/index.php\/wp-json\/wp\/v2\/comments?post=5626"}],"version-history":[{"count":1,"href":"https:\/\/defiendase.com\/index.php\/wp-json\/wp\/v2\/posts\/5626\/revisions"}],"predecessor-version":[{"id":5629,"href":"https:\/\/defiendase.com\/index.php\/wp-json\/wp\/v2\/posts\/5626\/revisions\/5629"}],"wp:featuredmedia":[{"embeddable":true,"href":"https:\/\/defiendase.com\/index.php\/wp-json\/wp\/v2\/media\/5627"}],"wp:attachment":[{"href":"https:\/\/defiendase.com\/index.php\/wp-json\/wp\/v2\/media?parent=5626"}],"wp:term":[{"taxonomy":"category","embeddable":true,"href":"https:\/\/defiendase.com\/index.php\/wp-json\/wp\/v2\/categories?post=5626"},{"taxonomy":"post_tag","embeddable":true,"href":"https:\/\/defiendase.com\/index.php\/wp-json\/wp\/v2\/tags?post=5626"}],"curies":[{"name":"wp","href":"https:\/\/api.w.org\/{rel}","templated":true}]}}