{"id":5623,"date":"2025-02-10T12:02:39","date_gmt":"2025-02-10T15:02:39","guid":{"rendered":"https:\/\/defiendase.com\/?p=5623"},"modified":"2025-02-10T12:27:15","modified_gmt":"2025-02-10T15:27:15","slug":"piquetero-cercado-piden-que-belliboni-vaya-a-juicio-oral","status":"publish","type":"post","link":"https:\/\/defiendase.com\/index.php\/piquetero-cercado-piden-que-belliboni-vaya-a-juicio-oral\/","title":{"rendered":"Piquetero cercado: piden que Belliboni vaya a juicio oral"},"content":{"rendered":"\n<p>En la causa que investiga el desv\u00edo de fondos destinados a asistencia social, el fiscal Gerardo Pollicita pidi\u00f3 que se eleve a juicio oral la denuncia contra el l\u00edder del Polo Obrero Eduardo Belliboni, acusado de defraudaci\u00f3n al Estado y extorsi\u00f3n.<\/p>\n\n\n\n<p>Adem\u00e1s, el fiscal pidi\u00f3 que se investigue a Belliboni por asociaci\u00f3n il\u00edcita y lavado de dinero. Junto a \u00e9l ir\u00edan a juicio otros 17 integrantes del movimiento piquetero. Todos est\u00e1n procesados por defraudaci\u00f3n, amenazas coactivas y extorsi\u00f3n.<\/p>\n\n\n\n<p>Seg\u00fan el dictamen, Belliboni y los otros acusados \u00abinstauraron entre junio de 2020 y marzo de 2024 una matriz delictiva para extorsionar y coaccionar a personas con alta vulnerabilidad social y econ\u00f3mica y defraudaron al Estado con la presentaci\u00f3n de facturas ap\u00f3crifas que les permitieron el desv\u00edo de fondos p\u00fablicos por casi 50 millones de pesos\u00bb.<\/p>\n\n\n\n<p>Pollicita sostuvo que Belliboni era el jefe de la organizaci\u00f3n \u00abque durante a\u00f1os se aprovech\u00f3 de las necesidades de un amplio sector social de car\u00e1cter vulnerable de nuestro pa\u00eds, lo que les permiti\u00f3 ejercer ileg\u00edtimamente poder sobre aqu\u00e9llos con miras a manejarlos seg\u00fan sus designios y obtener dinero, utilizado en provecho propio y de terceros, privando a las v\u00edctimas de un mejor porvenir\u00bb.<\/p>\n\n\n\n<p>Ahora deber\u00e1 decidir el juez Sebasti\u00e1n Casanello, pero todo parece indicar que Belliboni y sus c\u00f3mplices, que antes se jactaban de ser los due\u00f1os de la calle, van directo al banquillo de los acusados. Y probablemente despu\u00e9s a la c\u00e1rcel.<\/p>\n","protected":false},"excerpt":{"rendered":"<p>En la causa que investiga el desv\u00edo de fondos destinados a asistencia social, el fiscal<\/p>\n","protected":false},"author":4,"featured_media":5625,"comment_status":"open","ping_status":"open","sticky":false,"template":"","format":"standard","meta":{"om_disable_all_campaigns":false,"_monsterinsights_skip_tracking":false,"_monsterinsights_sitenote_active":false,"_monsterinsights_sitenote_note":"","_monsterinsights_sitenote_category":0},"categories":[263],"tags":[],"aioseo_notices":[],"jetpack_featured_media_url":"https:\/\/defiendase.com\/wp-content\/uploads\/2025\/02\/image.png","post_mailing_queue_ids":[],"_links":{"self":[{"href":"https:\/\/defiendase.com\/index.php\/wp-json\/wp\/v2\/posts\/5623"}],"collection":[{"href":"https:\/\/defiendase.com\/index.php\/wp-json\/wp\/v2\/posts"}],"about":[{"href":"https:\/\/defiendase.com\/index.php\/wp-json\/wp\/v2\/types\/post"}],"author":[{"embeddable":true,"href":"https:\/\/defiendase.com\/index.php\/wp-json\/wp\/v2\/users\/4"}],"replies":[{"embeddable":true,"href":"https:\/\/defiendase.com\/index.php\/wp-json\/wp\/v2\/comments?post=5623"}],"version-history":[{"count":1,"href":"https:\/\/defiendase.com\/index.php\/wp-json\/wp\/v2\/posts\/5623\/revisions"}],"predecessor-version":[{"id":5624,"href":"https:\/\/defiendase.com\/index.php\/wp-json\/wp\/v2\/posts\/5623\/revisions\/5624"}],"wp:featuredmedia":[{"embeddable":true,"href":"https:\/\/defiendase.com\/index.php\/wp-json\/wp\/v2\/media\/5625"}],"wp:attachment":[{"href":"https:\/\/defiendase.com\/index.php\/wp-json\/wp\/v2\/media?parent=5623"}],"wp:term":[{"taxonomy":"category","embeddable":true,"href":"https:\/\/defiendase.com\/index.php\/wp-json\/wp\/v2\/categories?post=5623"},{"taxonomy":"post_tag","embeddable":true,"href":"https:\/\/defiendase.com\/index.php\/wp-json\/wp\/v2\/tags?post=5623"}],"curies":[{"name":"wp","href":"https:\/\/api.w.org\/{rel}","templated":true}]}}