{"id":5616,"date":"2025-02-07T16:35:44","date_gmt":"2025-02-07T19:35:44","guid":{"rendered":"https:\/\/defiendase.com\/?p=5616"},"modified":"2025-02-07T16:36:33","modified_gmt":"2025-02-07T19:36:33","slug":"crecio-la-cantidad-de-denuncias-de-violencia-contra-ninos","status":"publish","type":"post","link":"https:\/\/defiendase.com\/index.php\/crecio-la-cantidad-de-denuncias-de-violencia-contra-ninos\/","title":{"rendered":"Creci\u00f3 la cantidad de denuncias de violencia contra ni\u00f1os"},"content":{"rendered":"\n<p>Por cuarto a\u00f1o consecutivo, la oficina de violencia dom\u00e9stica de la Corte Suprema registr\u00f3 un aumento de las denuncias de violencia dom\u00e9stica contra ni\u00f1os, ni\u00f1as y adolescentes. Seg\u00fan el \u00faltimo informe, hubo 15 llamados por d\u00eda en promedio durante 2023. Los datos de 2024 se procesar\u00e1n reci\u00e9n a finales de este a\u00f1o.<\/p>\n\n\n\n<p>En total hubo 5391 casos evaluados, en los que las v\u00edctimas ten\u00edan en promedio 8 a\u00f1os y el 48% eran varones y el 52%, ni\u00f1as. En el 80% de los casos, el agresor era uno de los progenitores: el 68% eran los padres y el 32% eran las madres.<\/p>\n\n\n\n<p>Los tipos de violencia se superponen, pero desagregados arrojaron lo siguiente: en el 96% de las denuncias hubo maltrato psicol\u00f3gico o emocional, en el 34%, f\u00edsico y en el 9%, sexual.<\/p>\n\n\n\n<p>Sobre el total se dictaron 4922 medidas cautelares de protecci\u00f3n hacia los menores y el 37% de las denuncias fueron consideradas como de alto o alt\u00edsimo riesgo. Intervinieron la Justicia Nacional en lo Civil y el Consejo de Derechos de Ni\u00f1as, Ni\u00f1os y Adolescentes que depende del Gobierno de la Ciudad.<\/p>\n\n\n\n<p>La Oficina de Violencia Dom\u00e9stica es una dependencia de la Corte Suprema de Justicia de la Naci\u00f3n, que funciona las 24 horas, todos los d\u00edas del a\u00f1o, en Lavalle 1250, Ciudad Aut\u00f3noma de Buenos Aires.<\/p>\n\n\n\n<p>Profesionales de la abogac\u00eda, la psicolog\u00eda, el trabajo social y la medicina, integran equipos interdisciplinarios que reciben las denuncias por situaciones de violencia dom\u00e9stica en el \u00e1mbito de la Ciudad de Buenos Aires, a partir del relato de las personas afectadas y\/o terceras personas, labran un acta, eval\u00faan el nivel de riesgo y confeccionan un informe m\u00e9dico si es necesario constatar lesiones.<\/p>\n\n\n\n<p>Una vez finalizada la entrevista y realizada la derivaci\u00f3n correspondiente (judicial y no judicial), desde la OVD se realiza un seguimiento de la actividad judicial desplegada a partir de la recepci\u00f3n de la denuncia.<\/p>\n\n\n\n<figure class=\"wp-block-image size-full\"><img loading=\"lazy\" width=\"980\" height=\"789\" src=\"https:\/\/defiendase.com\/wp-content\/uploads\/2025\/02\/grafico.jpg\" alt=\"\" class=\"wp-image-5619\" srcset=\"https:\/\/defiendase.com\/wp-content\/uploads\/2025\/02\/grafico.jpg 980w, https:\/\/defiendase.com\/wp-content\/uploads\/2025\/02\/grafico-300x242.jpg 300w, https:\/\/defiendase.com\/wp-content\/uploads\/2025\/02\/grafico-768x618.jpg 768w, https:\/\/defiendase.com\/wp-content\/uploads\/2025\/02\/grafico-600x483.jpg 600w\" sizes=\"(max-width: 980px) 100vw, 980px\" \/><\/figure>\n","protected":false},"excerpt":{"rendered":"<p>Por cuarto a\u00f1o consecutivo, la oficina de violencia dom\u00e9stica de la Corte Suprema registr\u00f3 un<\/p>\n","protected":false},"author":4,"featured_media":5617,"comment_status":"open","ping_status":"open","sticky":false,"template":"","format":"standard","meta":{"om_disable_all_campaigns":false,"_monsterinsights_skip_tracking":false,"_monsterinsights_sitenote_active":false,"_monsterinsights_sitenote_note":"","_monsterinsights_sitenote_category":0},"categories":[252],"tags":[],"aioseo_notices":[],"jetpack_featured_media_url":"https:\/\/defiendase.com\/wp-content\/uploads\/2025\/02\/violencia.png","post_mailing_queue_ids":[],"_links":{"self":[{"href":"https:\/\/defiendase.com\/index.php\/wp-json\/wp\/v2\/posts\/5616"}],"collection":[{"href":"https:\/\/defiendase.com\/index.php\/wp-json\/wp\/v2\/posts"}],"about":[{"href":"https:\/\/defiendase.com\/index.php\/wp-json\/wp\/v2\/types\/post"}],"author":[{"embeddable":true,"href":"https:\/\/defiendase.com\/index.php\/wp-json\/wp\/v2\/users\/4"}],"replies":[{"embeddable":true,"href":"https:\/\/defiendase.com\/index.php\/wp-json\/wp\/v2\/comments?post=5616"}],"version-history":[{"count":2,"href":"https:\/\/defiendase.com\/index.php\/wp-json\/wp\/v2\/posts\/5616\/revisions"}],"predecessor-version":[{"id":5620,"href":"https:\/\/defiendase.com\/index.php\/wp-json\/wp\/v2\/posts\/5616\/revisions\/5620"}],"wp:featuredmedia":[{"embeddable":true,"href":"https:\/\/defiendase.com\/index.php\/wp-json\/wp\/v2\/media\/5617"}],"wp:attachment":[{"href":"https:\/\/defiendase.com\/index.php\/wp-json\/wp\/v2\/media?parent=5616"}],"wp:term":[{"taxonomy":"category","embeddable":true,"href":"https:\/\/defiendase.com\/index.php\/wp-json\/wp\/v2\/categories?post=5616"},{"taxonomy":"post_tag","embeddable":true,"href":"https:\/\/defiendase.com\/index.php\/wp-json\/wp\/v2\/tags?post=5616"}],"curies":[{"name":"wp","href":"https:\/\/api.w.org\/{rel}","templated":true}]}}