{"id":5613,"date":"2025-02-06T09:55:39","date_gmt":"2025-02-06T12:55:39","guid":{"rendered":"https:\/\/defiendase.com\/?p=5613"},"modified":"2025-02-06T09:55:41","modified_gmt":"2025-02-06T12:55:41","slug":"otro-golpe-a-los-registros-del-automotor-autos-patentados-en-la-misma-concesionaria","status":"publish","type":"post","link":"https:\/\/defiendase.com\/index.php\/otro-golpe-a-los-registros-del-automotor-autos-patentados-en-la-misma-concesionaria\/","title":{"rendered":"Otro golpe a los Registros del Automotor: autos patentados en la misma concesionaria"},"content":{"rendered":"\n<p>El Ministro de Justicia Mariano C\u00faneo Libarona anunci\u00f3 la creaci\u00f3n del Registro \u00danico Nacional Automotor, que permitir\u00e1 que los compradores de autos cero kil\u00f3metro puedan tramitar el t\u00edtulo de propiedad, la patente y la c\u00e9dula verde en la misma concesionaria donde hicieron la operaci\u00f3n sin necesidad de pasar por un registro automotor.&nbsp;<\/p>\n\n\n\n<p>Este cambio viene a coronar la avanzada del Gobierno contra los registros, despu\u00e9s del cierre de m\u00e1s de 320 sedes desde que asumi\u00f3 Milei. En principio, la posibilidad de hacer este tr\u00e1mite ser\u00e1 s\u00f3lo para los autos nuevos y salidos de concesionarios oficiales, pero la idea es que en el futuro pueda extenderse a los usados tambi\u00e9n.<\/p>\n\n\n\n<p>Desde el Gobierno anticiparon que la nueva modalidad entrar\u00e1 en vigencia en los pr\u00f3ximos 10 d\u00edas y que las concesionarias tendr\u00e1n un stock de chapas patente para poder asignarle a las unidades que vendan.<\/p>\n\n\n\n<p>Tanto la c\u00e9dula verde como el t\u00edtulo de propiedad ser\u00e1n digitales y se podr\u00e1n generar en el momento de la adquisici\u00f3n, con lo que la persona que compre un auto se podr\u00e1 ir con la unidad patentada y todos los documentos en la aplicaci\u00f3n Mi Argentina. Adem\u00e1s del ahorro de tiempo, esto bajar\u00e1 los costos de los tr\u00e1mites.&nbsp;<\/p>\n\n\n\n<p>Para C\u00faneo Libarona, esto constituye un paso fundamental hacia la reforma total del sistema de registro automotor, que busca que todos los autos en circulaci\u00f3n figuren en un registro digital y los tr\u00e1mites sean m\u00e1s r\u00e1pidos, sencillos y online.<\/p>\n","protected":false},"excerpt":{"rendered":"<p>El Ministro de Justicia Mariano C\u00faneo Libarona anunci\u00f3 la creaci\u00f3n del Registro \u00danico Nacional Automotor,<\/p>\n","protected":false},"author":4,"featured_media":5614,"comment_status":"open","ping_status":"open","sticky":false,"template":"","format":"standard","meta":{"om_disable_all_campaigns":false,"_monsterinsights_skip_tracking":false,"_monsterinsights_sitenote_active":false,"_monsterinsights_sitenote_note":"","_monsterinsights_sitenote_category":0},"categories":[263],"tags":[],"aioseo_notices":[],"jetpack_featured_media_url":"https:\/\/defiendase.com\/wp-content\/uploads\/2025\/02\/IMG_6037.jpeg","post_mailing_queue_ids":[],"_links":{"self":[{"href":"https:\/\/defiendase.com\/index.php\/wp-json\/wp\/v2\/posts\/5613"}],"collection":[{"href":"https:\/\/defiendase.com\/index.php\/wp-json\/wp\/v2\/posts"}],"about":[{"href":"https:\/\/defiendase.com\/index.php\/wp-json\/wp\/v2\/types\/post"}],"author":[{"embeddable":true,"href":"https:\/\/defiendase.com\/index.php\/wp-json\/wp\/v2\/users\/4"}],"replies":[{"embeddable":true,"href":"https:\/\/defiendase.com\/index.php\/wp-json\/wp\/v2\/comments?post=5613"}],"version-history":[{"count":1,"href":"https:\/\/defiendase.com\/index.php\/wp-json\/wp\/v2\/posts\/5613\/revisions"}],"predecessor-version":[{"id":5615,"href":"https:\/\/defiendase.com\/index.php\/wp-json\/wp\/v2\/posts\/5613\/revisions\/5615"}],"wp:featuredmedia":[{"embeddable":true,"href":"https:\/\/defiendase.com\/index.php\/wp-json\/wp\/v2\/media\/5614"}],"wp:attachment":[{"href":"https:\/\/defiendase.com\/index.php\/wp-json\/wp\/v2\/media?parent=5613"}],"wp:term":[{"taxonomy":"category","embeddable":true,"href":"https:\/\/defiendase.com\/index.php\/wp-json\/wp\/v2\/categories?post=5613"},{"taxonomy":"post_tag","embeddable":true,"href":"https:\/\/defiendase.com\/index.php\/wp-json\/wp\/v2\/tags?post=5613"}],"curies":[{"name":"wp","href":"https:\/\/api.w.org\/{rel}","templated":true}]}}