{"id":5608,"date":"2025-02-05T14:02:36","date_gmt":"2025-02-05T17:02:36","guid":{"rendered":"https:\/\/defiendase.com\/?p=5608"},"modified":"2025-02-05T14:02:39","modified_gmt":"2025-02-05T17:02:39","slug":"apelan-el-fallo-que-habilitaba-a-los-narcos-a-pedir-libertad-condicional","status":"publish","type":"post","link":"https:\/\/defiendase.com\/index.php\/apelan-el-fallo-que-habilitaba-a-los-narcos-a-pedir-libertad-condicional\/","title":{"rendered":"Apelan el fallo que habilitaba a los narcos a pedir libertad condicional"},"content":{"rendered":"\n<p>El fiscal general Raul Plee apel\u00f3 el fallo de la C\u00e1mara de Casaci\u00f3n Penal que permit\u00eda a los presos por delitos graves acceder a la libertad condicional.&nbsp;<\/p>\n\n\n\n<p>La decisi\u00f3n de la c\u00e1mara declar\u00f3 inconstitucionales varios art\u00edculos de la ley 24.660 y de esa manera orden\u00f3 que se revea la prohibici\u00f3n a acceder a un programa de libertad condicional que hab\u00eda ca\u00eddo sobre un detenido por narcotr\u00e1fico.<\/p>\n\n\n\n<p>Se trata de los art\u00edculos 56 bis, inciso 10 y 14, inciso 10 del C\u00f3digo Penal, modificados durante el gobierno de Mauricio Macri para endurecer las condiciones de reclusi\u00f3n de los condenados por este tipo de delitos. Los jueces de la Sala de Feria consideraron que , la prohibici\u00f3n absoluta de acceder a la libertad condicional contradice el principio de reinserci\u00f3n y establece una discriminaci\u00f3n arbitraria que vulnera principios fundamentales de la Constituci\u00f3n, a la vez que se viola la igualdad ante la ley al impedir el sistema progresivo que asegura que el condenado pueda recuperar gradualmente sus derechos.&nbsp;<\/p>\n\n\n\n<p>Esto sentaba precedente para que otros 15 mil presos por este tipo de delitos pudieran ser beneficiados con esos mismos derechos. &nbsp;<\/p>\n\n\n\n<p>El fiscal Ple\u00e9 sostuvo que el tratamiento diferencial para los condenados por delitos graves es razonable y justificado y que la reforma que la C\u00e1mara consider\u00f3 inconstitucional establece tambi\u00e9n un r\u00e9gimen progresivo espec\u00edfico para este tipo de condenas y no vulnera los derechos esenciales.&nbsp;<\/p>\n\n\n\n<p>Adem\u00e1s, el fiscal pidi\u00f3 que se convoque a un plenario de la C\u00e1mara de Casaci\u00f3n para unificar jurisprudencia porque, seg\u00fan explic\u00f3, el fallo de la Sala de Feria contradice a otros fallos anteriores del mismo tribunal.&nbsp;<\/p>\n\n\n\n<p>Por \u00faltimo, Ple\u00e9 solicit\u00f3 que la Corte Suprema intervenga y se pronuncie con un fallo definitivo sobre la constitucionalidad o no de los art\u00edculos cuestionados para evitar que, con un gris en la interpretaci\u00f3n judicial, se multipliquen los pedidos de libertad condicional para presos por delitos que hayan causado un grave da\u00f1o social.<\/p>\n","protected":false},"excerpt":{"rendered":"<p>El fiscal general Raul Plee apel\u00f3 el fallo de la C\u00e1mara de Casaci\u00f3n Penal que<\/p>\n","protected":false},"author":4,"featured_media":5609,"comment_status":"open","ping_status":"open","sticky":false,"template":"","format":"standard","meta":{"om_disable_all_campaigns":false,"_monsterinsights_skip_tracking":false,"_monsterinsights_sitenote_active":false,"_monsterinsights_sitenote_note":"","_monsterinsights_sitenote_category":0},"categories":[16],"tags":[],"aioseo_notices":[],"jetpack_featured_media_url":"https:\/\/defiendase.com\/wp-content\/uploads\/2025\/02\/04bd7127-eaf9-47fc-99a7-a837b7469a4b.jpeg","post_mailing_queue_ids":[],"_links":{"self":[{"href":"https:\/\/defiendase.com\/index.php\/wp-json\/wp\/v2\/posts\/5608"}],"collection":[{"href":"https:\/\/defiendase.com\/index.php\/wp-json\/wp\/v2\/posts"}],"about":[{"href":"https:\/\/defiendase.com\/index.php\/wp-json\/wp\/v2\/types\/post"}],"author":[{"embeddable":true,"href":"https:\/\/defiendase.com\/index.php\/wp-json\/wp\/v2\/users\/4"}],"replies":[{"embeddable":true,"href":"https:\/\/defiendase.com\/index.php\/wp-json\/wp\/v2\/comments?post=5608"}],"version-history":[{"count":1,"href":"https:\/\/defiendase.com\/index.php\/wp-json\/wp\/v2\/posts\/5608\/revisions"}],"predecessor-version":[{"id":5610,"href":"https:\/\/defiendase.com\/index.php\/wp-json\/wp\/v2\/posts\/5608\/revisions\/5610"}],"wp:featuredmedia":[{"embeddable":true,"href":"https:\/\/defiendase.com\/index.php\/wp-json\/wp\/v2\/media\/5609"}],"wp:attachment":[{"href":"https:\/\/defiendase.com\/index.php\/wp-json\/wp\/v2\/media?parent=5608"}],"wp:term":[{"taxonomy":"category","embeddable":true,"href":"https:\/\/defiendase.com\/index.php\/wp-json\/wp\/v2\/categories?post=5608"},{"taxonomy":"post_tag","embeddable":true,"href":"https:\/\/defiendase.com\/index.php\/wp-json\/wp\/v2\/tags?post=5608"}],"curies":[{"name":"wp","href":"https:\/\/api.w.org\/{rel}","templated":true}]}}