{"id":5552,"date":"2025-01-17T11:33:17","date_gmt":"2025-01-17T14:33:17","guid":{"rendered":"https:\/\/defiendase.com\/?p=5552"},"modified":"2025-01-17T11:33:20","modified_gmt":"2025-01-17T14:33:20","slug":"desde-hoy-todos-los-precios-podran-mostrarse-en-pesos-y-en-dolares","status":"publish","type":"post","link":"https:\/\/defiendase.com\/index.php\/desde-hoy-todos-los-precios-podran-mostrarse-en-pesos-y-en-dolares\/","title":{"rendered":"Desde hoy, todos los precios podr\u00e1n mostrarse en pesos y en d\u00f3lares"},"content":{"rendered":"\n<p>El Gobierno oficializ\u00f3 la medida que permite a los comercios y establecimientos de servicios exhibir sus precios tanto en pesos como en d\u00f3lares u otra moneda extranjera.<\/p>\n\n\n\n<p>Esto significa que, por ejemplo, los precios en negocios de uso cotidiano para la gente, como supermercados o carnicer\u00edas, podr\u00e1n estar en divisas norteamericanas, aunque desde el Gobierno aclararon que el peso sigue siendo la moneda de curso legal y que la exhibici\u00f3n de los valores en d\u00f3lares no es una obligaci\u00f3n para los comerciantes sino una opci\u00f3n que se brinda en el camino a la competencia de monedas. El objetivo de fondo tambi\u00e9n es insertar en la econom\u00eda diaria los millones de d\u00f3lares que se declararon en el blanqueo del a\u00f1o pasado con el objetivo de reactivar el consumo.<\/p>\n\n\n\n<p>De todas formas desde Econom\u00eda explicaron que en principio se espera que los precios en d\u00f3lares sean expresados en rubros ya dolarizados como la venta de autos o de departamentos y no en comercios de alimentos, aunque la opci\u00f3n est\u00e1 y es v\u00e1lida.<\/p>\n\n\n\n<p>Esta iniciativa est\u00e1 acompa\u00f1ada por otra que habilita el pago en d\u00f3lares con tarjetas de d\u00e9bito. En concreto, esa posibilidad ya existe pero ahora el Banco Central les puso un plazo l\u00edmite hasta el 28 de febrero a todos los comercios para que habiliten sus POSNET de manera que brinden la alternativa de pagar en d\u00f3lares o pesos. Una vez que eso rija, cada negocio podr\u00e1 aceptar o no la moneda norteamericana, pero las centrales de pago deben estar todas habilitadas.<\/p>\n\n\n\n<p>Por \u00faltimo, la resoluci\u00f3n agrega un \u00edtem ya anuncado sobre la discriminaci\u00f3n de los impuestos en el precio total de cualquier bien o servicio. \u201cDeber\u00e1 informarse en caracteres tipogr\u00e1ficos menores a los utilizados para la exhibici\u00f3n del precio final, el importe neto sin la incidencia del Impuesto al Valor Agregado (IVA) y los dem\u00e1s impuestos nacionales indirectos que impacten en los precios, acompa\u00f1ado de la leyenda \u2018PRECIO SIN IMPUESTOS NACIONALES\u2019 \u201d.<\/p>\n","protected":false},"excerpt":{"rendered":"<p>El Gobierno oficializ\u00f3 la medida que permite a los comercios y establecimientos de servicios exhibir<\/p>\n","protected":false},"author":4,"featured_media":5553,"comment_status":"open","ping_status":"open","sticky":false,"template":"","format":"standard","meta":{"om_disable_all_campaigns":false,"_monsterinsights_skip_tracking":false,"_monsterinsights_sitenote_active":false,"_monsterinsights_sitenote_note":"","_monsterinsights_sitenote_category":0},"categories":[4],"tags":[],"aioseo_notices":[],"jetpack_featured_media_url":"https:\/\/defiendase.com\/wp-content\/uploads\/2025\/01\/WhatsApp-Image-2025-01-17-at-11.28.14.jpeg","post_mailing_queue_ids":[],"_links":{"self":[{"href":"https:\/\/defiendase.com\/index.php\/wp-json\/wp\/v2\/posts\/5552"}],"collection":[{"href":"https:\/\/defiendase.com\/index.php\/wp-json\/wp\/v2\/posts"}],"about":[{"href":"https:\/\/defiendase.com\/index.php\/wp-json\/wp\/v2\/types\/post"}],"author":[{"embeddable":true,"href":"https:\/\/defiendase.com\/index.php\/wp-json\/wp\/v2\/users\/4"}],"replies":[{"embeddable":true,"href":"https:\/\/defiendase.com\/index.php\/wp-json\/wp\/v2\/comments?post=5552"}],"version-history":[{"count":1,"href":"https:\/\/defiendase.com\/index.php\/wp-json\/wp\/v2\/posts\/5552\/revisions"}],"predecessor-version":[{"id":5554,"href":"https:\/\/defiendase.com\/index.php\/wp-json\/wp\/v2\/posts\/5552\/revisions\/5554"}],"wp:featuredmedia":[{"embeddable":true,"href":"https:\/\/defiendase.com\/index.php\/wp-json\/wp\/v2\/media\/5553"}],"wp:attachment":[{"href":"https:\/\/defiendase.com\/index.php\/wp-json\/wp\/v2\/media?parent=5552"}],"wp:term":[{"taxonomy":"category","embeddable":true,"href":"https:\/\/defiendase.com\/index.php\/wp-json\/wp\/v2\/categories?post=5552"},{"taxonomy":"post_tag","embeddable":true,"href":"https:\/\/defiendase.com\/index.php\/wp-json\/wp\/v2\/tags?post=5552"}],"curies":[{"name":"wp","href":"https:\/\/api.w.org\/{rel}","templated":true}]}}