{"id":5536,"date":"2025-01-10T12:15:56","date_gmt":"2025-01-10T15:15:56","guid":{"rendered":"https:\/\/defiendase.com\/?p=5536"},"modified":"2025-01-10T12:15:58","modified_gmt":"2025-01-10T15:15:58","slug":"motosierra-a-los-salarios-el-gobierno-quiere-paritarias-en-torno-al-1","status":"publish","type":"post","link":"https:\/\/defiendase.com\/index.php\/motosierra-a-los-salarios-el-gobierno-quiere-paritarias-en-torno-al-1\/","title":{"rendered":"Motosierra a los salarios: el Gobierno quiere paritarias en torno al 1%"},"content":{"rendered":"\n<p>Despu\u00e9s de lograr que el mism\u00edsimo Hugo Moyano, acostumbrado a cerrar acuerdos salariales alt\u00edsimos para Camioneros, acepte un aumento del 5,5% dividido en 3 meses, desde el Gobierno ahora impulsan una serie de par\u00e1metros para que las subas de sueldos no pasen la l\u00ednea de la inflaci\u00f3n.<\/p>\n\n\n\n<p>En concreto, con los precios medianamente estables tras un a\u00f1o de recesi\u00f3n y ca\u00edda de consumo, desde la Rosada celebran una incipiente mejora en los indicadores del empleo formal, hablan de un quiebre de tendencia tras 11 meses de ca\u00edda y buscan que esa moderada reactivaci\u00f3n no impacte en la inflaci\u00f3n. Por esa raz\u00f3n, quieren que los acuerdos salariales no superen el 1% mensual, de manera de que no haya traslado a precios.&nbsp;<\/p>\n\n\n\n<p>Esto, por supuesto, fue celebrado por las empresas que buscan recomponer su producci\u00f3n y apuestan a una mejora en sus balances durante 2025, pero es rechazado por los gremios, que insisten en que pese a la tibia evoluci\u00f3n de los salarios, la plata sigue sin alcanzar. Un dato incuestionable que apoya esta postura es que, seg\u00fan los propios n\u00fameros del Indec, un tercio de los trabajadores formales est\u00e1 bajo la l\u00ednea de la pobreza.<\/p>\n\n\n\n<p>Pero las malas noticias no terminan ah\u00ed para los sindicatos. Otro de los cambios que impulsan desde el Gobierno es que las discusiones salariales se den de forma individual con las empresas, lo que les restar\u00eda fuerza y poder de negociaci\u00f3n. A su vez, desde el Ministerio de Trabajo deslizaron la posibilidad de que se empiecen a revisar los convenios colectivos de cada \u00e1rea.&nbsp;<\/p>\n\n\n\n<p>Con un escenario de inflaci\u00f3n estable, la motosierra de la que hace gala Javier Milei parece ahora apuntar a los gremios. Algo que tensa la cuerda y anticipa conflictos de los que, por ahora, el Gobierno siempre sali\u00f3 bien parado.<\/p>\n","protected":false},"excerpt":{"rendered":"<p>Despu\u00e9s de lograr que el mism\u00edsimo Hugo Moyano, acostumbrado a cerrar acuerdos salariales alt\u00edsimos para<\/p>\n","protected":false},"author":4,"featured_media":5537,"comment_status":"open","ping_status":"open","sticky":false,"template":"","format":"standard","meta":{"om_disable_all_campaigns":false,"_monsterinsights_skip_tracking":false,"_monsterinsights_sitenote_active":false,"_monsterinsights_sitenote_note":"","_monsterinsights_sitenote_category":0},"categories":[8],"tags":[],"aioseo_notices":[],"jetpack_featured_media_url":"https:\/\/defiendase.com\/wp-content\/uploads\/2025\/01\/93fcce53-0d2a-4e2d-9ed3-55a35e74dd9b.jpeg","post_mailing_queue_ids":[],"_links":{"self":[{"href":"https:\/\/defiendase.com\/index.php\/wp-json\/wp\/v2\/posts\/5536"}],"collection":[{"href":"https:\/\/defiendase.com\/index.php\/wp-json\/wp\/v2\/posts"}],"about":[{"href":"https:\/\/defiendase.com\/index.php\/wp-json\/wp\/v2\/types\/post"}],"author":[{"embeddable":true,"href":"https:\/\/defiendase.com\/index.php\/wp-json\/wp\/v2\/users\/4"}],"replies":[{"embeddable":true,"href":"https:\/\/defiendase.com\/index.php\/wp-json\/wp\/v2\/comments?post=5536"}],"version-history":[{"count":1,"href":"https:\/\/defiendase.com\/index.php\/wp-json\/wp\/v2\/posts\/5536\/revisions"}],"predecessor-version":[{"id":5538,"href":"https:\/\/defiendase.com\/index.php\/wp-json\/wp\/v2\/posts\/5536\/revisions\/5538"}],"wp:featuredmedia":[{"embeddable":true,"href":"https:\/\/defiendase.com\/index.php\/wp-json\/wp\/v2\/media\/5537"}],"wp:attachment":[{"href":"https:\/\/defiendase.com\/index.php\/wp-json\/wp\/v2\/media?parent=5536"}],"wp:term":[{"taxonomy":"category","embeddable":true,"href":"https:\/\/defiendase.com\/index.php\/wp-json\/wp\/v2\/categories?post=5536"},{"taxonomy":"post_tag","embeddable":true,"href":"https:\/\/defiendase.com\/index.php\/wp-json\/wp\/v2\/tags?post=5536"}],"curies":[{"name":"wp","href":"https:\/\/api.w.org\/{rel}","templated":true}]}}