{"id":5527,"date":"2025-01-08T10:54:41","date_gmt":"2025-01-08T13:54:41","guid":{"rendered":"https:\/\/defiendase.com\/?p=5527"},"modified":"2025-01-08T10:54:43","modified_gmt":"2025-01-08T13:54:43","slug":"reclaman-una-cautelar-para-que-pami-vuelva-a-entregar-medicamentos-gratuitos","status":"publish","type":"post","link":"https:\/\/defiendase.com\/index.php\/reclaman-una-cautelar-para-que-pami-vuelva-a-entregar-medicamentos-gratuitos\/","title":{"rendered":"Reclaman una cautelar para que PAMI vuelva a entregar medicamentos gratuitos"},"content":{"rendered":"\n<p>A trav\u00e9s de sus secretarios generales, Hugo Godoy y Hugo Yasky, la CTA Aut\u00f3noma y la CTA de los Trabajadores presentaron una medida cautelar para que PAMI restituya el otorgamiento de la medicaci\u00f3n gratuita a sus afiliados.<\/p>\n\n\n\n<p>El escrito exige que se declaren inconstitucionales las Resoluciones 2024 -2031 del Instituto Nacional de Servicios Sociales para Jubilados y Pensionados, por las cuales se recort\u00f3 el libre acceso a remedios y tratamientos de los afiliados al PAMI. En este sentido, reclaman que la justicia declare nulas ambas resoluciones a trav\u00e9s de una medida de \u201cno innovar\u201d para que se mantengan las prestaciones hasta que haya una sentencia de fondo.<\/p>\n\n\n\n<p>Argumentan que los cambios dispuestos por el Gobierno \u201cvulneran los derechos a la salud y la vida de los jubilados y pensionados, reconocidos en la Constituci\u00f3n Nacional y en numerosos tratados internacionales de derechos humanos\u201d.<\/p>\n\n\n\n<p>Desde el Gobierno aseguran que no hubo recortes sino \u201cuna readecuaci\u00f3n de las coberturas para asegurar la sostenibilidad de los servicios\u201d y que para seguir recibiendo medicaci\u00f3n en forma gratuita los jubilados deber\u00e1n cumplir ciertos requisitos. Esto es algo que ambas centrales obreras objetan como una suerte de \u201ctrampa burocr\u00e1tica\u201d que tiene la finalidad \u00faltima de \u201ccercenar\u201d los derechos de los afiliados al PAMI.<\/p>\n","protected":false},"excerpt":{"rendered":"<p>A trav\u00e9s de sus secretarios generales, Hugo Godoy y Hugo Yasky, la CTA Aut\u00f3noma y<\/p>\n","protected":false},"author":4,"featured_media":5528,"comment_status":"open","ping_status":"open","sticky":false,"template":"","format":"standard","meta":{"om_disable_all_campaigns":false,"_monsterinsights_skip_tracking":false,"_monsterinsights_sitenote_active":false,"_monsterinsights_sitenote_note":"","_monsterinsights_sitenote_category":0},"categories":[2,17],"tags":[],"aioseo_notices":[],"jetpack_featured_media_url":"https:\/\/defiendase.com\/wp-content\/uploads\/2025\/01\/17f31ae9-e13e-4a64-822a-40c92b7b95c8.jpeg","post_mailing_queue_ids":[],"_links":{"self":[{"href":"https:\/\/defiendase.com\/index.php\/wp-json\/wp\/v2\/posts\/5527"}],"collection":[{"href":"https:\/\/defiendase.com\/index.php\/wp-json\/wp\/v2\/posts"}],"about":[{"href":"https:\/\/defiendase.com\/index.php\/wp-json\/wp\/v2\/types\/post"}],"author":[{"embeddable":true,"href":"https:\/\/defiendase.com\/index.php\/wp-json\/wp\/v2\/users\/4"}],"replies":[{"embeddable":true,"href":"https:\/\/defiendase.com\/index.php\/wp-json\/wp\/v2\/comments?post=5527"}],"version-history":[{"count":1,"href":"https:\/\/defiendase.com\/index.php\/wp-json\/wp\/v2\/posts\/5527\/revisions"}],"predecessor-version":[{"id":5529,"href":"https:\/\/defiendase.com\/index.php\/wp-json\/wp\/v2\/posts\/5527\/revisions\/5529"}],"wp:featuredmedia":[{"embeddable":true,"href":"https:\/\/defiendase.com\/index.php\/wp-json\/wp\/v2\/media\/5528"}],"wp:attachment":[{"href":"https:\/\/defiendase.com\/index.php\/wp-json\/wp\/v2\/media?parent=5527"}],"wp:term":[{"taxonomy":"category","embeddable":true,"href":"https:\/\/defiendase.com\/index.php\/wp-json\/wp\/v2\/categories?post=5527"},{"taxonomy":"post_tag","embeddable":true,"href":"https:\/\/defiendase.com\/index.php\/wp-json\/wp\/v2\/tags?post=5527"}],"curies":[{"name":"wp","href":"https:\/\/api.w.org\/{rel}","templated":true}]}}