{"id":5450,"date":"2024-12-12T14:57:32","date_gmt":"2024-12-12T17:57:32","guid":{"rendered":"https:\/\/defiendase.com\/?p=5450"},"modified":"2024-12-12T14:57:35","modified_gmt":"2024-12-12T17:57:35","slug":"otro-reves-judicial-para-la-desarrolladora-eidico","status":"publish","type":"post","link":"https:\/\/defiendase.com\/index.php\/otro-reves-judicial-para-la-desarrolladora-eidico\/","title":{"rendered":"Otro rev\u00e9s judicial para la desarrolladora Eidico"},"content":{"rendered":"\n<p>La justicia orden\u00f3 frenar las obras de la empresa Eidico en Costa Esmeralda porque estaba construyendo en el pulm\u00f3n verde de la localidad que cuenta con unos 100 edificios. Esto se suma a que el proyecto que encar\u00f3 la desarrolladora cambi\u00f3 arbitrariamente el plan original y muchos se quejan de que no es lo que originalmente les vendieron.<\/p>\n\n\n\n<p>Adem\u00e1s, otra denuncia que se repite contra Eidico es la de los propietarios que desde hace a\u00f1os reclaman que no pueden escriturar sus casas porque la empresa no cumple con los pasos formales y los tr\u00e1mites necesarios para habilitar esas firmas. Esto, por otro lado, le permite a la desarrolladora seguir administrando los barrios, lo cual tambi\u00e9n genera mucha pol\u00e9mica por los desmanejos que denuncian los propietarios.<\/p>\n\n\n\n<p>En Costa Esmeralda remarcan que estos megaemprendimientos arruinan el esp\u00edritu agreste de la zona y tienen un impacto ambiental no deseado por los vecinos.<\/p>\n\n\n\n<p>Con esto, Eidico suma un rev\u00e9s en la justicia mientras enfrenta las denuncias de los habitantes de distintos barrios de Pilar del Este, que tambi\u00e9n reclaman por todo tipo de incumplimientos e inconsistencias.<\/p>\n\n\n\n<p>Los vecinos de Pilar denuncian que tampoco pueden escriturar porque la empresa no cumple con los requerimientos de la provincia y que son rehenes de la desarrolladora, que se reserva el derecho de administrar los barrios. En ese contexto, por ejemplo, Eidico resolvi\u00f3 incorporar un aumento cercano al 300% en las expensas en base a una arbitraria proyecci\u00f3n de la suba del impuesto inmobiliario que ni siquiera fue tratado a\u00fan por la Legislatura.<\/p>\n\n\n\n<p>Los propietarios que viven en distintos barrios de Pilar realizaron hace unos d\u00edas una asamblea para exigir la urgente escrituraci\u00f3n de sus casas, que Eidico deje la administraci\u00f3n de los barrios y que cumpla con sus obligaciones b\u00e1sicas, permitiendo la subdivisi\u00f3n de los lotes, informando sobre los gastos que se realizaron y devolviendo todo lo que, seg\u00fan denuncian, les rob\u00f3 durante estos a\u00f1os.&nbsp;&nbsp;<\/p>\n","protected":false},"excerpt":{"rendered":"<p>La justicia orden\u00f3 frenar las obras de la empresa Eidico en Costa Esmeralda porque estaba<\/p>\n","protected":false},"author":4,"featured_media":5451,"comment_status":"open","ping_status":"open","sticky":false,"template":"","format":"standard","meta":{"om_disable_all_campaigns":false,"_monsterinsights_skip_tracking":false,"_monsterinsights_sitenote_active":false,"_monsterinsights_sitenote_note":"","_monsterinsights_sitenote_category":0},"categories":[251],"tags":[],"aioseo_notices":[],"jetpack_featured_media_url":"https:\/\/defiendase.com\/wp-content\/uploads\/2024\/12\/eidico-mar.jpeg","post_mailing_queue_ids":[],"_links":{"self":[{"href":"https:\/\/defiendase.com\/index.php\/wp-json\/wp\/v2\/posts\/5450"}],"collection":[{"href":"https:\/\/defiendase.com\/index.php\/wp-json\/wp\/v2\/posts"}],"about":[{"href":"https:\/\/defiendase.com\/index.php\/wp-json\/wp\/v2\/types\/post"}],"author":[{"embeddable":true,"href":"https:\/\/defiendase.com\/index.php\/wp-json\/wp\/v2\/users\/4"}],"replies":[{"embeddable":true,"href":"https:\/\/defiendase.com\/index.php\/wp-json\/wp\/v2\/comments?post=5450"}],"version-history":[{"count":1,"href":"https:\/\/defiendase.com\/index.php\/wp-json\/wp\/v2\/posts\/5450\/revisions"}],"predecessor-version":[{"id":5452,"href":"https:\/\/defiendase.com\/index.php\/wp-json\/wp\/v2\/posts\/5450\/revisions\/5452"}],"wp:featuredmedia":[{"embeddable":true,"href":"https:\/\/defiendase.com\/index.php\/wp-json\/wp\/v2\/media\/5451"}],"wp:attachment":[{"href":"https:\/\/defiendase.com\/index.php\/wp-json\/wp\/v2\/media?parent=5450"}],"wp:term":[{"taxonomy":"category","embeddable":true,"href":"https:\/\/defiendase.com\/index.php\/wp-json\/wp\/v2\/categories?post=5450"},{"taxonomy":"post_tag","embeddable":true,"href":"https:\/\/defiendase.com\/index.php\/wp-json\/wp\/v2\/tags?post=5450"}],"curies":[{"name":"wp","href":"https:\/\/api.w.org\/{rel}","templated":true}]}}