{"id":5444,"date":"2024-12-10T15:02:29","date_gmt":"2024-12-10T18:02:29","guid":{"rendered":"https:\/\/defiendase.com\/?p=5444"},"modified":"2024-12-10T15:04:02","modified_gmt":"2024-12-10T18:04:02","slug":"el-gobierno-bajo-a-18-anos-la-edad-para-portar-y-usar-armas","status":"publish","type":"post","link":"https:\/\/defiendase.com\/index.php\/el-gobierno-bajo-a-18-anos-la-edad-para-portar-y-usar-armas\/","title":{"rendered":"El Gobierno baj\u00f3 a 18 a\u00f1os la edad para portar y usar armas"},"content":{"rendered":"\n<p>A trav\u00e9s de una iniciativa que busca facilitar y agilizar el acceso legal a las armas de fuego, el gobierno cambi\u00f3 un art\u00edculo de la reglamentaci\u00f3n de portaci\u00f3n y a partir de ahora se permitir\u00e1 en el pa\u00eds que los j\u00f3venes de 18 a\u00f1os puedan tener y usar armas.<\/p>\n\n\n\n<p>En una resoluci\u00f3n que se public\u00f3 en el Bolet\u00edn Oficial, se modific\u00f3 el art\u00edculo 55 de la ley 20.429 que establec\u00eda que la edad m\u00ednima para la adquisici\u00f3n, uso, tenencia y portaci\u00f3n de armas de uso civil era de 21 a\u00f1os.&nbsp; El nuevo texto dice: \u00aba efectos de armonizar la legislaci\u00f3n vigente, reconociendo la capacidad de los ciudadanos para ser leg\u00edtimos usuarios de armas a partir de los DIECIOCHO (18) a\u00f1os\u00bb.<\/p>\n\n\n\n<p>Los requisitos que se deben cumplir para portar armas son \u00abno tener anormalidades ps\u00edquicas o f\u00edsicas\u00bb incapacitantes, no tener antecedentes penales y acreditar los datos personales ante la polic\u00eda.<\/p>\n\n\n\n<p>Estos cambios se dan en el marco de una reforma m\u00e1s amplia que busca que se legalicen las m\u00e1s de 800 mil armas de fuego que se estima que no est\u00e1n declaradas y para eso el Gobierno intenta promover la tenencia legal facilitando los tr\u00e1mites.<\/p>\n","protected":false},"excerpt":{"rendered":"<p>A trav\u00e9s de una iniciativa que busca facilitar y agilizar el acceso legal a las<\/p>\n","protected":false},"author":4,"featured_media":5447,"comment_status":"open","ping_status":"open","sticky":false,"template":"","format":"standard","meta":{"om_disable_all_campaigns":false,"_monsterinsights_skip_tracking":false,"_monsterinsights_sitenote_active":false,"_monsterinsights_sitenote_note":"","_monsterinsights_sitenote_category":0},"categories":[263],"tags":[],"aioseo_notices":[],"jetpack_featured_media_url":"https:\/\/defiendase.com\/wp-content\/uploads\/2024\/12\/IMG_3202.jpeg","post_mailing_queue_ids":[],"_links":{"self":[{"href":"https:\/\/defiendase.com\/index.php\/wp-json\/wp\/v2\/posts\/5444"}],"collection":[{"href":"https:\/\/defiendase.com\/index.php\/wp-json\/wp\/v2\/posts"}],"about":[{"href":"https:\/\/defiendase.com\/index.php\/wp-json\/wp\/v2\/types\/post"}],"author":[{"embeddable":true,"href":"https:\/\/defiendase.com\/index.php\/wp-json\/wp\/v2\/users\/4"}],"replies":[{"embeddable":true,"href":"https:\/\/defiendase.com\/index.php\/wp-json\/wp\/v2\/comments?post=5444"}],"version-history":[{"count":1,"href":"https:\/\/defiendase.com\/index.php\/wp-json\/wp\/v2\/posts\/5444\/revisions"}],"predecessor-version":[{"id":5445,"href":"https:\/\/defiendase.com\/index.php\/wp-json\/wp\/v2\/posts\/5444\/revisions\/5445"}],"wp:featuredmedia":[{"embeddable":true,"href":"https:\/\/defiendase.com\/index.php\/wp-json\/wp\/v2\/media\/5447"}],"wp:attachment":[{"href":"https:\/\/defiendase.com\/index.php\/wp-json\/wp\/v2\/media?parent=5444"}],"wp:term":[{"taxonomy":"category","embeddable":true,"href":"https:\/\/defiendase.com\/index.php\/wp-json\/wp\/v2\/categories?post=5444"},{"taxonomy":"post_tag","embeddable":true,"href":"https:\/\/defiendase.com\/index.php\/wp-json\/wp\/v2\/tags?post=5444"}],"curies":[{"name":"wp","href":"https:\/\/api.w.org\/{rel}","templated":true}]}}