{"id":5434,"date":"2024-12-08T18:50:00","date_gmt":"2024-12-08T21:50:00","guid":{"rendered":"https:\/\/defiendase.com\/?p=5434"},"modified":"2024-12-10T15:10:25","modified_gmt":"2024-12-10T18:10:25","slug":"masiva-protesta-en-pilar-del-este-contra-los-incumplimientos-y-los-abusos-de-la-desarrolladora-que-administra-los-barrios","status":"publish","type":"post","link":"https:\/\/defiendase.com\/index.php\/masiva-protesta-en-pilar-del-este-contra-los-incumplimientos-y-los-abusos-de-la-desarrolladora-que-administra-los-barrios\/","title":{"rendered":"Masiva protesta en Pilar del Este contra los incumplimientos y los abusos de la desarrolladora que administra los barrios"},"content":{"rendered":"\n<p>Una multitudinaria protesta de vecinos de barrios cerrados de Pilar del Este tuvo lugar este s\u00e1bado contra una serie de inconsistencias y desmanejos de la empresa desarrolladora que construy\u00f3 los barrios y que ahora no les permite escriturar, ni subdividir las parcelas y pretende cobrarles un aumento de casi el 300% en las expensas en base a la proyecci\u00f3n de un impuesto provincial cuyo aumento todav\u00eda no est\u00e1 ni siquiera definido por la legislatura.<\/p>\n\n\n\n<p>Las denuncias contra la empresa Eidico vienen desde hace a\u00f1os, porque la desarrolladora no impulsa los tr\u00e1mites necesarios para que los propietarios puedan escriturar las casas y, al faltar ese paso clave, no les cede tampoco el control del consorcio, que por contrato sigue detentando hasta que cada uno sea propietario de lo que en realidad ya pag\u00f3.&nbsp;<\/p>\n\n\n\n<p>Eso se suma a la falta de subdivisi\u00f3n de los barrios, tambi\u00e9n por impericia u omisi\u00f3n de la desarrolladora, que hace que sus habitantes paguen impuestos inmobiliarios como si vivieran en una suerte de estancia cuando en realidad cada uno tiene su lote. Desde la provincia de Buenos Aires, cada vez que este reclamo se present\u00f3 ante la agencia recaudadora ARBA, sostuvieron que se trata de un problema entre privados y que la empresa Eidico deber\u00eda presentar los papeles en regla para que se haga legalmente esa subdivisi\u00f3n que permitir\u00eda que cada uno pague lo que le corresponde. Actualmente falta un acto t\u00e9cnico y el tr\u00e1mite est\u00e1 paralizado desde hace meses en la Direcci\u00f3n de Ordenamiento Territorial bonaerense.<\/p>\n\n\n\n<p>Ahora la gota que rebals\u00f3 el vaso es un aumento arbitrario y desmedido que les lleg\u00f3 a los vecinos en las expensas, producto de un c\u00e1lculo anticipado que hizo la empresa en base a la supuesta evoluci\u00f3n que podr\u00eda tener el impuesto inmobiliario, cuyo valor la provincia todav\u00eda no defini\u00f3. Pese a esto, la desarrolladora aplic\u00f3 un aumento del 272%, que no s\u00f3lo multiplica las expensas de forma abusiva sino que las vuelve impagables para muchos propietarios, que ya est\u00e1n pensando directamente en dejar el barrio.<\/p>\n\n\n\n<p>Por esa raz\u00f3n, cientos de vecinos se reunieron para exigir que la empresa d\u00e9 marcha atr\u00e1s con esos incrementos y rinda cuentas de una vez por todas y no dudaron en afirmar que \u201cEidico es una farsa\u201d.<\/p>\n\n\n\n<p>Adem\u00e1s denunciaron que son corridos de todo espacio de decisi\u00f3n. y que en lugar de hacer asambleas participativas la empresa realiza reuniones informativas sin rendiciones de cuentas ni boletas que los propietarios puedan verificar. \u201cExigimos asambleas de titulares de lotes en las que podamos votar y opinar para poder tomar decisiones sobre nuestros barrios y nuestras casas\u201d, sostuvieron los vecinos en la lectura de un comunicado. \u201cExigimos la urgente escrituraci\u00f3n de nuestras casas para que podamos ser definitivamente due\u00f1os de nuestro hogar despu\u00e9s de tantos a\u00f1os de promesas incumplidas\u201d, agregaron. Y, por \u00faltimo, reclamaron poder decidir ellos su propio destino: \u201cqueremos que se vayan de la administraci\u00f3n de nuestro barrio y cumplan con sus obligaciones b\u00e1sicas, regularizando la situaci\u00f3n de nuestras casas para que podamos disfrutar con nuestras familias lo que nos vendieron y lo que hasta ahora no nos dieron\u201d.<\/p>\n\n\n\n<p>Fernanda es due\u00f1a de una casa en el barrio Santa Luc\u00eda. Su testimonio es representativo del de muchos de los que estuvieron presentes el s\u00e1bado en la asamblea. \u201cNo vamos a permitir que nos atropellen de esta manera, porque nos est\u00e1n robando. No tenemos una administraci\u00f3n que nos informe con comprobantes cu\u00e1les son los gastos, c\u00f3mo se pagan, cu\u00e1ndo vencen. Es todo muy confuso\u2026 Las expensas aumentaron exponencialmente y nosotros estamos financiando a Eidico para que puedan seguir haciendo barrios a costillas de los que ya estamos viviendo en sus barrios. No tenemos derecho a nada, no nos dejan opinar ni votar\u201d, explic\u00f3.<\/p>\n\n\n\n<p>Los vecinos adem\u00e1s se reservaron el derecho de realizar acciones penales. \u201cNos vamos a organizar y vamos a accionar para que Eidico devuelva todo lo que nos ha robado durante estos a\u00f1os\u201d, complet\u00f3 la vecina de Santa Luc\u00eda. &nbsp;<\/p>\n\n\n\n<p>\u201cLas apreciaciones de la empresa no tienen sustento legal. Exigimos que rindan cuentas de su p\u00e9sima administraci\u00f3n bajo apercibimiento de denuncias y exigimos que se abstengan de cobrar anticipadamente este impuesto no definido a\u00fan por la provincia de Buenos Aires a trav\u00e9s de las expensas comunes\u201d, explic\u00f3 otro de los propietarios.<\/p>\n\n\n\n<p>\u201cApostamos a un proyecto y esto es una falta de respeto. Somos gente \u00e9tica, con valores y quien nos administra nos falta respeto una y otra vez. Se les piden cuentas claras, no te las dan; se les piden explicaciones y tampoco te las dan. Nos debitan sumas millonarias y nos dicen que tienen un mandato y pueden hacer lo que se les d\u00e9 la gana\u201d, describi\u00f3 indignado otro habitante de estos complejos ante el micr\u00f3fono.<\/p>\n\n\n\n<p>Algo est\u00e1 cambiando en los barrios cerrados de Pilar del Este. Los vecinos est\u00e1n cada vez m\u00e1s organizados frente a los atropellos de la desarrolladora. Y prometen llegar hasta las \u00faltimas consecuencias en la justicia para recuperar su libertad, dejar de ser estafados y para que la empresa Eidico les devuelva todo lo que les sac\u00f3 durante a\u00f1os. Sobre todo, las ganas de proyectar y de vivir tranquilos.&nbsp;<\/p>\n","protected":false},"excerpt":{"rendered":"<p>Una multitudinaria protesta de vecinos de barrios cerrados de Pilar del Este tuvo lugar este<\/p>\n","protected":false},"author":4,"featured_media":5436,"comment_status":"open","ping_status":"open","sticky":false,"template":"","format":"standard","meta":{"om_disable_all_campaigns":false,"_monsterinsights_skip_tracking":false,"_monsterinsights_sitenote_active":false,"_monsterinsights_sitenote_note":"","_monsterinsights_sitenote_category":0},"categories":[251],"tags":[],"aioseo_notices":[],"jetpack_featured_media_url":"https:\/\/defiendase.com\/wp-content\/uploads\/2024\/12\/3c52230e-fbd3-4a40-998d-f809f098b766-scaled.jpeg","post_mailing_queue_ids":[],"_links":{"self":[{"href":"https:\/\/defiendase.com\/index.php\/wp-json\/wp\/v2\/posts\/5434"}],"collection":[{"href":"https:\/\/defiendase.com\/index.php\/wp-json\/wp\/v2\/posts"}],"about":[{"href":"https:\/\/defiendase.com\/index.php\/wp-json\/wp\/v2\/types\/post"}],"author":[{"embeddable":true,"href":"https:\/\/defiendase.com\/index.php\/wp-json\/wp\/v2\/users\/4"}],"replies":[{"embeddable":true,"href":"https:\/\/defiendase.com\/index.php\/wp-json\/wp\/v2\/comments?post=5434"}],"version-history":[{"count":1,"href":"https:\/\/defiendase.com\/index.php\/wp-json\/wp\/v2\/posts\/5434\/revisions"}],"predecessor-version":[{"id":5438,"href":"https:\/\/defiendase.com\/index.php\/wp-json\/wp\/v2\/posts\/5434\/revisions\/5438"}],"wp:featuredmedia":[{"embeddable":true,"href":"https:\/\/defiendase.com\/index.php\/wp-json\/wp\/v2\/media\/5436"}],"wp:attachment":[{"href":"https:\/\/defiendase.com\/index.php\/wp-json\/wp\/v2\/media?parent=5434"}],"wp:term":[{"taxonomy":"category","embeddable":true,"href":"https:\/\/defiendase.com\/index.php\/wp-json\/wp\/v2\/categories?post=5434"},{"taxonomy":"post_tag","embeddable":true,"href":"https:\/\/defiendase.com\/index.php\/wp-json\/wp\/v2\/tags?post=5434"}],"curies":[{"name":"wp","href":"https:\/\/api.w.org\/{rel}","templated":true}]}}