{"id":5400,"date":"2024-11-28T20:03:48","date_gmt":"2024-11-28T23:03:48","guid":{"rendered":"https:\/\/defiendase.com\/?p=5400"},"modified":"2024-11-28T20:05:08","modified_gmt":"2024-11-28T23:05:08","slug":"reclaman-una-ley-que-regule-la-actividad-de-los-acompanantes-terapeuticos","status":"publish","type":"post","link":"https:\/\/defiendase.com\/index.php\/reclaman-una-ley-que-regule-la-actividad-de-los-acompanantes-terapeuticos\/","title":{"rendered":"Reclaman una ley que regule la actividad de los acompa\u00f1antes terap\u00e9uticos"},"content":{"rendered":"\n<p>Cuando faltan pocos d\u00edas para el cierre de las sesiones ordinarias en el Congreso, los acompa\u00f1antes terap\u00e9uticos reclamaron que el Senado trate el proyecto que regula su actividad profesional. Se trata de una iniciativa que ya tuvo media sanci\u00f3n en Diputados en julio de 2023, pero que permaneci\u00f3 cajoneada todo este a\u00f1o y medio. Advierten que de no tener lugar en las sesiones que quedan, la propuesta perder\u00eda estado parlamentario.<\/p>\n\n\n\n<p>El texto del proyecto puntualiza en la necesidad de establecer un criterio de formaci\u00f3n, habilitaci\u00f3n e inclusi\u00f3n como profesional de los acompa\u00f1antes terap\u00e9uticos. Y determina que s\u00f3lo pueden ejercer la profesi\u00f3n aquellos que figuren inscriptos en el Registro de Acompa\u00f1antes Terap\u00e9uticos y cuenten con matr\u00edcula habilitante. Esto les permitir\u00eda trabajar en casas particulares y tambi\u00e9n en cl\u00ednicas y espacios sociales comunitarios y formar parte de las cartillas de las prepagas y obras sociales, algo que ahora no sucede.<\/p>\n\n\n\n<p>\u201cNecesitamos contar con un marco legal para nuestra profesi\u00f3n, que es una actividad que data de inicios de los a\u00f1os 70, y que hoy, en base a las demandas de la sociedad actual, se encuentra en pleno auge\u201d, explicaron en un comunicado.<\/p>\n\n\n\n<p>&nbsp;\u201cPodemos encontrar Acompa\u00f1antes Terap\u00e9uticos en las escuelas, en procesos de externaci\u00f3n de hospitales\/centros monovalentes, en Hospitales de D\u00eda en Salud Mental, en centros comunitarios, en espacios de contenci\u00f3n por violencia de g\u00e9nero, en centros, dispositivos y en grupos de ayuda a personas con consumo problem\u00e1tico, en maternidades, en el \u00e1mbito judicial, como parte de los sistemas de apoyo en Discapacidad, etc. Trabajamos en diferentes rangos etarios, desde beb\u00e9s con estimulaci\u00f3n temprana, hasta con personas mayores. Somos profesionales formados para reestablecer la autonom\u00eda de las personas (con padecimiento ps\u00edquico y situaciones de vulnerabilidad), actuando en la cotidianidad de todos aquellos\/as que requieran nuestra pr\u00e1ctica\u201d, detallaron.<\/p>\n\n\n\n<p>El problema es que al no estar regulada por ley, la pr\u00e1ctica de los acompa\u00f1antes terap\u00e9uticos muchas veces no forma parte de la cobertura de las obras sociales y las prepagas y obliga a muchas familias a entrar en batallas judiciales para lograr la asistencia que necesitan para sus seres queridos.<\/p>\n\n\n\n<p>Adem\u00e1s los profesionales denuncian que sin marco legal no cuentan con las garant\u00edas y los derechos m\u00ednimos de su actividad.<\/p>\n\n\n\n<p>Es que el texto del proyecto adem\u00e1s recomienda al sistema de salud que el acompa\u00f1amiento terap\u00e9utico pueda ser incluido en el Programa M\u00e9dico Obligatorio, lo que permitir\u00eda que los profesionales puedan ser incluidos en la n\u00f3mina de las prestaciones b\u00e1sicas que requieren las personas con discapacidad.<\/p>\n\n\n\n<p>Los d\u00edas corren. En el Senado el tema sali\u00f3 a debate en comisiones pero por ahora no se emiti\u00f3 ning\u00fan dictamen. Mientras tanto, miles de familias y cientos de profesionales esperan ser tenidos en cuenta y ruegan que los legisladores se dignen a\u00a0 hacer su trabajo.<\/p>\n\n\n\n<figure class=\"wp-block-video\"><video controls src=\"blob:https:\/\/defiendase.com\/6ce0119d-6770-45b8-a6f1-ef640a71e3ab\"><\/video><\/figure>\n\n\n\n<p><\/p>\n","protected":false},"excerpt":{"rendered":"<p>Cuando faltan pocos d\u00edas para el cierre de las sesiones ordinarias en el Congreso, los<\/p>\n","protected":false},"author":4,"featured_media":5402,"comment_status":"open","ping_status":"open","sticky":false,"template":"","format":"standard","meta":{"om_disable_all_campaigns":false,"_monsterinsights_skip_tracking":false,"_monsterinsights_sitenote_active":false,"_monsterinsights_sitenote_note":"","_monsterinsights_sitenote_category":0},"categories":[16],"tags":[],"aioseo_notices":[],"jetpack_featured_media_url":"https:\/\/defiendase.com\/wp-content\/uploads\/2024\/11\/WhatsApp-Image-2024-11-28-at-2.21.45-PM.jpeg","post_mailing_queue_ids":[],"_links":{"self":[{"href":"https:\/\/defiendase.com\/index.php\/wp-json\/wp\/v2\/posts\/5400"}],"collection":[{"href":"https:\/\/defiendase.com\/index.php\/wp-json\/wp\/v2\/posts"}],"about":[{"href":"https:\/\/defiendase.com\/index.php\/wp-json\/wp\/v2\/types\/post"}],"author":[{"embeddable":true,"href":"https:\/\/defiendase.com\/index.php\/wp-json\/wp\/v2\/users\/4"}],"replies":[{"embeddable":true,"href":"https:\/\/defiendase.com\/index.php\/wp-json\/wp\/v2\/comments?post=5400"}],"version-history":[{"count":2,"href":"https:\/\/defiendase.com\/index.php\/wp-json\/wp\/v2\/posts\/5400\/revisions"}],"predecessor-version":[{"id":5404,"href":"https:\/\/defiendase.com\/index.php\/wp-json\/wp\/v2\/posts\/5400\/revisions\/5404"}],"wp:featuredmedia":[{"embeddable":true,"href":"https:\/\/defiendase.com\/index.php\/wp-json\/wp\/v2\/media\/5402"}],"wp:attachment":[{"href":"https:\/\/defiendase.com\/index.php\/wp-json\/wp\/v2\/media?parent=5400"}],"wp:term":[{"taxonomy":"category","embeddable":true,"href":"https:\/\/defiendase.com\/index.php\/wp-json\/wp\/v2\/categories?post=5400"},{"taxonomy":"post_tag","embeddable":true,"href":"https:\/\/defiendase.com\/index.php\/wp-json\/wp\/v2\/tags?post=5400"}],"curies":[{"name":"wp","href":"https:\/\/api.w.org\/{rel}","templated":true}]}}