{"id":5396,"date":"2024-11-27T15:06:26","date_gmt":"2024-11-27T18:06:26","guid":{"rendered":"https:\/\/defiendase.com\/?p=5396"},"modified":"2024-11-27T15:06:28","modified_gmt":"2024-11-27T18:06:28","slug":"sin-cedula-azul-reglamentan-como-autorizar-a-conductores-terceros","status":"publish","type":"post","link":"https:\/\/defiendase.com\/index.php\/sin-cedula-azul-reglamentan-como-autorizar-a-conductores-terceros\/","title":{"rendered":"Sin c\u00e9dula azul: reglamentan c\u00f3mo autorizar a conductores terceros"},"content":{"rendered":"\n<p>Despu\u00e9s de un limbo que dur\u00f3 meses -desde el anuncio el 13 de mayo de que ya no se emitir\u00edan m\u00e1s c\u00e9dulas azules-, el Gobierno reglament\u00f3 la forma en la que el due\u00f1o de un veh\u00edculo puede autorizar a otros conductores a manejar ese coche.<\/p>\n\n\n\n<p>La habilitaci\u00f3n legal a conductores no titulares ser\u00e1 a trav\u00e9s de la app Mi Argentina y servir\u00e1 tanto para circular dentro del pa\u00eds como para cruzar temporalmente a pa\u00edses lim\u00edtrofes.<\/p>\n\n\n\n<p>Seg\u00fan la disposici\u00f3n 343\/24 \u201cel titular registral podr\u00e1 solicitar que la C\u00e9dula de Identificaci\u00f3n Digital de su automotor sea visualizada en el Perfil Digital del Ciudadano de la aplicaci\u00f3n \u2018Mi Argentina\u2019 de uno o m\u00e1s terceros determinados\u201d.<\/p>\n\n\n\n<p>Desde mayo, todas las personas que hab\u00edan adquirido un veh\u00edculo estaban imposibilitadas de autorizar a terceros porque las c\u00e9dulas azules ya no se emit\u00edan y no hab\u00eda precisiones legales de las nuevas formas de hacer el tr\u00e1mite.<\/p>\n\n\n\n<p>Desde ahora los propietarios de los veh\u00edculos deber\u00e1n ingresar a la App Mi Argentina, ir a la opci\u00f3n \u201cVeh\u00edculos a mi nombre\u201d, seleccionar el dominio y clickear en la opci\u00f3n \u201cHabilitar conducir\u201d. En ese punto, se podr\u00e1 introducir el nombre y apellido del conductor a autorizar y su DNI.<\/p>\n\n\n\n<p>La ventaja que subrayan es que al ser digitales, las habilitaciones se pueden extender o revocar de manera r\u00e1pida y \u00e1gil, lo que facilita las autorizaciones transitorias sin la necesidad de emitir un documento f\u00edsico que despu\u00e9s se ten\u00eda que anular.<\/p>\n\n\n\n<p>De todas formas se aclar\u00f3 que quienes tienen c\u00e9dulas azules emitidas con anterioridad a mayo podr\u00e1n seguir us\u00e1ndolas hasta que cambie la titularidad del veh\u00edculo.<\/p>\n","protected":false},"excerpt":{"rendered":"<p>Despu\u00e9s de un limbo que dur\u00f3 meses -desde el anuncio el 13 de mayo de<\/p>\n","protected":false},"author":4,"featured_media":5397,"comment_status":"open","ping_status":"open","sticky":false,"template":"","format":"standard","meta":{"om_disable_all_campaigns":false,"_monsterinsights_skip_tracking":false,"_monsterinsights_sitenote_active":false,"_monsterinsights_sitenote_note":"","_monsterinsights_sitenote_category":0},"categories":[5],"tags":[],"aioseo_notices":[],"jetpack_featured_media_url":"https:\/\/defiendase.com\/wp-content\/uploads\/2024\/11\/WhatsApp-Image-2024-11-27-at-10.41.57-AM.jpeg","post_mailing_queue_ids":[],"_links":{"self":[{"href":"https:\/\/defiendase.com\/index.php\/wp-json\/wp\/v2\/posts\/5396"}],"collection":[{"href":"https:\/\/defiendase.com\/index.php\/wp-json\/wp\/v2\/posts"}],"about":[{"href":"https:\/\/defiendase.com\/index.php\/wp-json\/wp\/v2\/types\/post"}],"author":[{"embeddable":true,"href":"https:\/\/defiendase.com\/index.php\/wp-json\/wp\/v2\/users\/4"}],"replies":[{"embeddable":true,"href":"https:\/\/defiendase.com\/index.php\/wp-json\/wp\/v2\/comments?post=5396"}],"version-history":[{"count":1,"href":"https:\/\/defiendase.com\/index.php\/wp-json\/wp\/v2\/posts\/5396\/revisions"}],"predecessor-version":[{"id":5398,"href":"https:\/\/defiendase.com\/index.php\/wp-json\/wp\/v2\/posts\/5396\/revisions\/5398"}],"wp:featuredmedia":[{"embeddable":true,"href":"https:\/\/defiendase.com\/index.php\/wp-json\/wp\/v2\/media\/5397"}],"wp:attachment":[{"href":"https:\/\/defiendase.com\/index.php\/wp-json\/wp\/v2\/media?parent=5396"}],"wp:term":[{"taxonomy":"category","embeddable":true,"href":"https:\/\/defiendase.com\/index.php\/wp-json\/wp\/v2\/categories?post=5396"},{"taxonomy":"post_tag","embeddable":true,"href":"https:\/\/defiendase.com\/index.php\/wp-json\/wp\/v2\/tags?post=5396"}],"curies":[{"name":"wp","href":"https:\/\/api.w.org\/{rel}","templated":true}]}}