{"id":5375,"date":"2024-11-20T16:55:03","date_gmt":"2024-11-20T19:55:03","guid":{"rendered":"https:\/\/defiendase.com\/?p=5375"},"modified":"2024-11-20T16:55:06","modified_gmt":"2024-11-20T19:55:06","slug":"dictamen-contra-un-pedido-de-triple-filiacion","status":"publish","type":"post","link":"https:\/\/defiendase.com\/index.php\/dictamen-contra-un-pedido-de-triple-filiacion\/","title":{"rendered":"Dictamen contra un pedido de triple filiaci\u00f3n"},"content":{"rendered":"\n<p>La Procuraci\u00f3n General de la Naci\u00f3n dictamin\u00f3 que ninguna persona puede tener m\u00e1s de dos padres, cualquiera sea la naturaleza de la filiaci\u00f3n. Con esto fue contra un fallo en primera instancia que permit\u00eda la inscripci\u00f3n de un chico concebido a trav\u00e9s de t\u00e9cnicas de reproducci\u00f3n asistida con tres padres. Ahora ser\u00e1 la Corte Suprema la que defina el caso.<\/p>\n\n\n\n<p>El art\u00edculo 558 del C\u00f3digo Civil establece que \u00abninguna persona puede tener m\u00e1s de dos v\u00ednculos filiales\u00bb. Sin embargo, una jueza decret\u00f3 la inconstitucionalidad de este punto y orden\u00f3 inscribir al beb\u00e9 con triple filiaci\u00f3n. En su argumentaci\u00f3n, sostuvo que la norma va en contra del derecho de formar una familia de acuerdo a un plan de vida aut\u00f3nomo y en t\u00e9rminos diversos y plurales.<\/p>\n\n\n\n<p>El fallo fue confirmado por la C\u00e1mara de Apelaciones. Los camaristas sostuvieron que&nbsp; \u00absi bien el C\u00f3digo Civil y Comercial ha establecido que una persona no puede tener m\u00e1s de dos v\u00ednculos filiales, no ha contemplado c\u00f3mo determinar la filiaci\u00f3n en un supuesto en el cual, junto con la persona que ha dado a luz al ni\u00f1o, concurre la voluntad procreacional de otras dos personas\u00bb. Y advirtieron que \u00abcuando el nacimiento se produce luego del empleo de t\u00e9cnicas de reproducci\u00f3n humana asistida, la filiaci\u00f3n se determina por la voluntad procreacional, resultando indiferente qui\u00e9n aport\u00f3 los gametos. Y, en la medida en que la ley no aporta alg\u00fan criterio razonable para preferir a uno o a otro, no se advierte c\u00f3mo puede seleccionarse a uno de los interesados sin incurrir en una arbitraria discriminaci\u00f3n con relaci\u00f3n al otro\u00bb.<\/p>\n\n\n\n<p>Sin embargo, para el fiscal general, la decisi\u00f3n de la C\u00e1mara interpret\u00f3 en forma err\u00f3nea el caso al considerar que debe primar la autonom\u00eda individual. B\u00e1sicamente, explic\u00f3 que el deseo de tres adultos de formar una familia pluriparental descuid\u00f3 el \u00abinter\u00e9s superior del ni\u00f1o\u00bb . Y que en el fallo que avala esa decisi\u00f3n se desconocieron \u00ablas graves cuestiones de orden p\u00fablico involucradas\u00bb.<\/p>\n\n\n\n<p>Esta posici\u00f3n fue compartida por la procuradora fiscal ante la Corte, Lauta Monti, que dictamin\u00f3 contra el fallo que autorizaba la triple filiaci\u00f3n. De esta manera, la \u00faltima palabra sobre esta causa ser\u00e1 emitida por la Corte Suprema.<\/p>\n","protected":false},"excerpt":{"rendered":"<p>La Procuraci\u00f3n General de la Naci\u00f3n dictamin\u00f3 que ninguna persona puede tener m\u00e1s de dos<\/p>\n","protected":false},"author":4,"featured_media":5376,"comment_status":"open","ping_status":"open","sticky":false,"template":"","format":"standard","meta":{"om_disable_all_campaigns":false,"_monsterinsights_skip_tracking":false,"_monsterinsights_sitenote_active":false,"_monsterinsights_sitenote_note":"","_monsterinsights_sitenote_category":0},"categories":[252],"tags":[],"aioseo_notices":[],"jetpack_featured_media_url":"https:\/\/defiendase.com\/wp-content\/uploads\/2024\/11\/triple-filiacion.jpg","post_mailing_queue_ids":[],"_links":{"self":[{"href":"https:\/\/defiendase.com\/index.php\/wp-json\/wp\/v2\/posts\/5375"}],"collection":[{"href":"https:\/\/defiendase.com\/index.php\/wp-json\/wp\/v2\/posts"}],"about":[{"href":"https:\/\/defiendase.com\/index.php\/wp-json\/wp\/v2\/types\/post"}],"author":[{"embeddable":true,"href":"https:\/\/defiendase.com\/index.php\/wp-json\/wp\/v2\/users\/4"}],"replies":[{"embeddable":true,"href":"https:\/\/defiendase.com\/index.php\/wp-json\/wp\/v2\/comments?post=5375"}],"version-history":[{"count":1,"href":"https:\/\/defiendase.com\/index.php\/wp-json\/wp\/v2\/posts\/5375\/revisions"}],"predecessor-version":[{"id":5377,"href":"https:\/\/defiendase.com\/index.php\/wp-json\/wp\/v2\/posts\/5375\/revisions\/5377"}],"wp:featuredmedia":[{"embeddable":true,"href":"https:\/\/defiendase.com\/index.php\/wp-json\/wp\/v2\/media\/5376"}],"wp:attachment":[{"href":"https:\/\/defiendase.com\/index.php\/wp-json\/wp\/v2\/media?parent=5375"}],"wp:term":[{"taxonomy":"category","embeddable":true,"href":"https:\/\/defiendase.com\/index.php\/wp-json\/wp\/v2\/categories?post=5375"},{"taxonomy":"post_tag","embeddable":true,"href":"https:\/\/defiendase.com\/index.php\/wp-json\/wp\/v2\/tags?post=5375"}],"curies":[{"name":"wp","href":"https:\/\/api.w.org\/{rel}","templated":true}]}}