{"id":5368,"date":"2024-11-19T15:29:56","date_gmt":"2024-11-19T18:29:56","guid":{"rendered":"https:\/\/defiendase.com\/?p=5368"},"modified":"2024-11-19T15:39:23","modified_gmt":"2024-11-19T18:39:23","slug":"rechazo-de-abogados-a-la-auditoria-de-la-sigen-sobre-la-uba","status":"publish","type":"post","link":"https:\/\/defiendase.com\/index.php\/rechazo-de-abogados-a-la-auditoria-de-la-sigen-sobre-la-uba\/","title":{"rendered":"Rechazo de abogados a la auditor\u00eda de la SIGEN sobre la UBA"},"content":{"rendered":"\n<p>El Colegio P\u00fablico de Abogados de la Capital Federal dictamin\u00f3 que no es pertinente que la Sindicatura General de la Naci\u00f3n audite a la Universidad de Buenos Aires. Entre sus argumentos, el organismo explic\u00f3 que la autonom\u00eda de la UBA est\u00e1 resguardada por la Constituci\u00f3n nacional y que el Congreso es el \u00f3rgano autorizado para ese tipo de controles.<\/p>\n\n\n\n<p>La opini\u00f3n del Colegio fue solicitada por la UBA ante el avance del Gobierno nacional sobre sus cuentas y gastos. Seg\u00fan el dictamen \u00abLa autonom\u00eda universitaria importa una garant\u00eda institucional reconocida en la Constituci\u00f3n nacional que impide que las Universidades Nacionales sean intervenidas por el Presidente de la Rep\u00fablica, bajo pena de agredir el sistema republicano\u00bb.<\/p>\n\n\n\n<p>En este sentido, los abogados explicaron que existen dos instancias de control autorizadas. Una interna, que se lleva a cabo a trav\u00e9s de \u00f3rganos electos democr\u00e1ticamente dentro de las universidades, como los Consejos directivos, las unidades de auditor\u00eda y el Consejo Superior, y otra externa, que corresponde al Congreso. En cuanto a la SIGEN, detallaron que al depender del Presidente, s\u00f3lo tiene competencia en el control interno de las \u00e1reas que corresponden al poder Ejecutivo.&nbsp;<\/p>\n\n\n\n<p>\u00abIncumbe al Congreso de la naci\u00f3n, de forma indelegable, exclusiva y excluyente, el examen y la opini\u00f3n sobre el desempe\u00f1o y situaci\u00f3n general de la administraci\u00f3n p\u00fablica, que estar\u00e1 sustentado en los dict\u00e1menes de la Auditor\u00eda General de la Naci\u00f3n\u00bb, cierra el documento.<\/p>\n","protected":false},"excerpt":{"rendered":"<p>El Colegio P\u00fablico de Abogados de la Capital Federal dictamin\u00f3 que no es pertinente que<\/p>\n","protected":false},"author":4,"featured_media":5374,"comment_status":"open","ping_status":"open","sticky":false,"template":"","format":"standard","meta":{"om_disable_all_campaigns":false,"_monsterinsights_skip_tracking":false,"_monsterinsights_sitenote_active":false,"_monsterinsights_sitenote_note":"","_monsterinsights_sitenote_category":0},"categories":[16],"tags":[],"aioseo_notices":[],"jetpack_featured_media_url":"https:\/\/defiendase.com\/wp-content\/uploads\/2024\/11\/20241018133842.jpg","post_mailing_queue_ids":[],"_links":{"self":[{"href":"https:\/\/defiendase.com\/index.php\/wp-json\/wp\/v2\/posts\/5368"}],"collection":[{"href":"https:\/\/defiendase.com\/index.php\/wp-json\/wp\/v2\/posts"}],"about":[{"href":"https:\/\/defiendase.com\/index.php\/wp-json\/wp\/v2\/types\/post"}],"author":[{"embeddable":true,"href":"https:\/\/defiendase.com\/index.php\/wp-json\/wp\/v2\/users\/4"}],"replies":[{"embeddable":true,"href":"https:\/\/defiendase.com\/index.php\/wp-json\/wp\/v2\/comments?post=5368"}],"version-history":[{"count":1,"href":"https:\/\/defiendase.com\/index.php\/wp-json\/wp\/v2\/posts\/5368\/revisions"}],"predecessor-version":[{"id":5370,"href":"https:\/\/defiendase.com\/index.php\/wp-json\/wp\/v2\/posts\/5368\/revisions\/5370"}],"wp:featuredmedia":[{"embeddable":true,"href":"https:\/\/defiendase.com\/index.php\/wp-json\/wp\/v2\/media\/5374"}],"wp:attachment":[{"href":"https:\/\/defiendase.com\/index.php\/wp-json\/wp\/v2\/media?parent=5368"}],"wp:term":[{"taxonomy":"category","embeddable":true,"href":"https:\/\/defiendase.com\/index.php\/wp-json\/wp\/v2\/categories?post=5368"},{"taxonomy":"post_tag","embeddable":true,"href":"https:\/\/defiendase.com\/index.php\/wp-json\/wp\/v2\/tags?post=5368"}],"curies":[{"name":"wp","href":"https:\/\/api.w.org\/{rel}","templated":true}]}}