{"id":5365,"date":"2024-11-18T12:13:10","date_gmt":"2024-11-18T15:13:10","guid":{"rendered":"https:\/\/defiendase.com\/?p=5365"},"modified":"2024-11-18T12:13:13","modified_gmt":"2024-11-18T15:13:13","slug":"el-futuro-judicial-de-cristina-para-la-corte-su-caso-no-es-prioridad","status":"publish","type":"post","link":"https:\/\/defiendase.com\/index.php\/el-futuro-judicial-de-cristina-para-la-corte-su-caso-no-es-prioridad\/","title":{"rendered":"El futuro judicial de Cristina: para la Corte, su caso \u00abno es prioridad\u00bb"},"content":{"rendered":"\n<p>El juez de la Corte Suprema Juan Carlos Maqueda, asegur\u00f3 que el caso vialidad \u00abno es prioridad\u00bb para el m\u00e1ximo tribunal y que el an\u00e1lisis del caso \u00abllevar\u00e1 mucho tiempo\u00bb.&nbsp; Con esto dej\u00f3 entrever que la expresidenta -que apelar\u00e1 la condena a 6 a\u00f1os de la C\u00e1mara de Casaci\u00f3n y la inhabilitaci\u00f3n perpetua para ejercer cargos p\u00fablicos- podr\u00eda ser candidata el a\u00f1o que viene.<\/p>\n\n\n\n<p>\u00abNo se fijan prioridades de ese tipo privilegiando a una persona, o a la causa que tiene una persona; o de lo contrario, no trat\u00e1ndola por una persona y dej\u00e1ndola de lado. Generalmente tiene que ver con la complejidad de las causas el momento que se elige para que las causas puedan salir. Y adem\u00e1s el tr\u00e1mite: si est\u00e1 trabado o no. A pesar de que los medios de comunicaci\u00f3n transmiten que va a resolver la Corte, la realidad es que la que acaba de fallar es la C\u00e1mara de Casaci\u00f3n Penal\u00bb, explic\u00f3 el juez en una entrevista al diario La Voz.<\/p>\n\n\n\n<p>Pero lo cierto es que, si se dan los pasos judiciales que todos anticipan, aunque Maqueda no lo afirme, el futuro de Cristina Kirchner s\u00ed depender\u00e1 de la Corte, que no tiene antecedentes de cambiar un fallo de casaci\u00f3n. Si el m\u00e1ximo tribunal rechaza su apelaci\u00f3n, la expresidenta deber\u00e1 cumplir la prisi\u00f3n de 6 a\u00f1os en su domicilio (porque ya tiene 71 a\u00f1os).<\/p>\n\n\n\n<p>Sin embargo no ser\u00e1 esta Corte la que falle. Maqueda cumplir\u00e1 75 a\u00f1os en diciembre y dejar\u00e1 su lugar en el tribunal, con lo que, por ahora, s\u00f3lo quedar\u00e1n Horacio Rosatti, Carlos Rosenkrantz y Ricardo Lorenzetti como jueces titulares. Habr\u00e1 que ver si a ellos se suman Ariel Lijo y Manuel Garcia-Mansilla, cuyos pliegos aguardan el tratamiento en el Senado.<\/p>\n\n\n\n<p>El tribunal, con tres o cinco jueces, deber\u00e1 analizar no s\u00f3lo el recurso presentado por Cristina sino tambi\u00e9n los del resto de los condenados, que son en total 14. Con eso, se descuenta que el fallo no ser\u00e1 en el corto plazo. Incluso hay quienes aventuran que tampoco ocurrir\u00e1 en 2025.<\/p>\n\n\n\n<p>As\u00ed, la ex presidenta, que enfrenta un panorama judicial muy complejo, tendr\u00e1 tiempo para pelear por una banca y por fueros. Y si lo logra podr\u00e1 esperar mejor posicionada pol\u00edticamente la decisi\u00f3n final de la Corte.<\/p>\n","protected":false},"excerpt":{"rendered":"<p>El juez de la Corte Suprema Juan Carlos Maqueda, asegur\u00f3 que el caso vialidad \u00abno<\/p>\n","protected":false},"author":4,"featured_media":5366,"comment_status":"open","ping_status":"open","sticky":false,"template":"","format":"standard","meta":{"om_disable_all_campaigns":false,"_monsterinsights_skip_tracking":false,"_monsterinsights_sitenote_active":false,"_monsterinsights_sitenote_note":"","_monsterinsights_sitenote_category":0},"categories":[263],"tags":[],"aioseo_notices":[],"jetpack_featured_media_url":"https:\/\/defiendase.com\/wp-content\/uploads\/2024\/11\/corte-7.jpg","post_mailing_queue_ids":[],"_links":{"self":[{"href":"https:\/\/defiendase.com\/index.php\/wp-json\/wp\/v2\/posts\/5365"}],"collection":[{"href":"https:\/\/defiendase.com\/index.php\/wp-json\/wp\/v2\/posts"}],"about":[{"href":"https:\/\/defiendase.com\/index.php\/wp-json\/wp\/v2\/types\/post"}],"author":[{"embeddable":true,"href":"https:\/\/defiendase.com\/index.php\/wp-json\/wp\/v2\/users\/4"}],"replies":[{"embeddable":true,"href":"https:\/\/defiendase.com\/index.php\/wp-json\/wp\/v2\/comments?post=5365"}],"version-history":[{"count":1,"href":"https:\/\/defiendase.com\/index.php\/wp-json\/wp\/v2\/posts\/5365\/revisions"}],"predecessor-version":[{"id":5367,"href":"https:\/\/defiendase.com\/index.php\/wp-json\/wp\/v2\/posts\/5365\/revisions\/5367"}],"wp:featuredmedia":[{"embeddable":true,"href":"https:\/\/defiendase.com\/index.php\/wp-json\/wp\/v2\/media\/5366"}],"wp:attachment":[{"href":"https:\/\/defiendase.com\/index.php\/wp-json\/wp\/v2\/media?parent=5365"}],"wp:term":[{"taxonomy":"category","embeddable":true,"href":"https:\/\/defiendase.com\/index.php\/wp-json\/wp\/v2\/categories?post=5365"},{"taxonomy":"post_tag","embeddable":true,"href":"https:\/\/defiendase.com\/index.php\/wp-json\/wp\/v2\/tags?post=5365"}],"curies":[{"name":"wp","href":"https:\/\/api.w.org\/{rel}","templated":true}]}}