{"id":5357,"date":"2024-11-15T16:38:34","date_gmt":"2024-11-15T19:38:34","guid":{"rendered":"https:\/\/defiendase.com\/?p=5357"},"modified":"2024-11-15T18:49:40","modified_gmt":"2024-11-15T21:49:40","slug":"inteligencia-artificial-y-justicia-debate-en-la-legislatura","status":"publish","type":"post","link":"https:\/\/defiendase.com\/index.php\/inteligencia-artificial-y-justicia-debate-en-la-legislatura\/","title":{"rendered":"Inteligencia Artificial y Justicia: debate en la Legislatura"},"content":{"rendered":"\n<p>Esta semana tuvo lugar una jornada organizada por la Asociaci\u00f3n AVOCATS FRANCO ARGENTINS en la Legislatura porte\u00f1a con el objetivo de abrir el debate sobre la regulaci\u00f3n de la inteligencia artificial en la Uni\u00f3n Europea y discutir los proyectos de ley actuales en nuestro pa\u00eds sobre este mismo tema.&nbsp;<\/p>\n\n\n\n<p>La idea fue fomentar la cooperaci\u00f3n internacional y elaborar marcos normativos innovadores para enfrentar los desaf\u00edos que plantea la transformaci\u00f3n digital.<\/p>\n\n\n\n<p>La jornada tuvo un panel de excelencia moderado por la abogada y periodista Silvina Quintans en el que se debatieron cuestiones clave sobre el impacto de la IA en el \u00e1mbito jur\u00eddico y sobre c\u00f3mo los sistemas legales deben adaptarse para hacer frente a esta revoluci\u00f3n tecnol\u00f3gica.&nbsp;<\/p>\n\n\n\n<p>En sus discursos, el embajador de la Uni\u00f3n Europea en Argentina, Amador S\u00e1nchez Rico, y el embajador de Francia, Romain Nadal, junto con el especialista en transformaci\u00f3n digital en la administraci\u00f3n p\u00fablica Gonz\u00e1lo V\u00e1zquez y la consejera pol\u00edtica de Francia, Noemie Y\u00e9pez, compartieron la visi\u00f3n de la UE sobre la IA, destacando los desaf\u00edos y las oportunidades que presenta esta tecnolog\u00eda.<\/p>\n\n\n\n<p>Julio Raffaghello, presidente de la Asociaci\u00f3n de Abogados Franco Argentinos y Director de arbitraje de la C\u00e1mara de Comercio de Mercosur, comparti\u00f3 su visi\u00f3n a nivel Mercosur.<\/p>\n\n\n\n<p>Adem\u00e1s, del panel participaron expertos como el juez nacional de trabajo, Juan Carlos Cerutti, el director de inteligencia artificial en el Tribunal Fiscal de la Naci\u00f3n, David Mielnik, &nbsp;Gustavo Velesquen S\u00e1enz, director del Instituto de IA del Colegio de Abogados de San Mart\u00edn, y el especialista en IA de IBM, Juli\u00e1n Alvarellos.&nbsp;<\/p>\n","protected":false},"excerpt":{"rendered":"<p>Esta semana tuvo lugar una jornada organizada por la Asociaci\u00f3n AVOCATS FRANCO ARGENTINS en la<\/p>\n","protected":false},"author":4,"featured_media":5363,"comment_status":"open","ping_status":"open","sticky":false,"template":"","format":"standard","meta":{"om_disable_all_campaigns":false,"_monsterinsights_skip_tracking":false,"_monsterinsights_sitenote_active":false,"_monsterinsights_sitenote_note":"","_monsterinsights_sitenote_category":0},"categories":[16],"tags":[],"aioseo_notices":[],"jetpack_featured_media_url":"https:\/\/defiendase.com\/wp-content\/uploads\/2024\/11\/GcTMRhlXgAAeACp.jpeg","post_mailing_queue_ids":[],"_links":{"self":[{"href":"https:\/\/defiendase.com\/index.php\/wp-json\/wp\/v2\/posts\/5357"}],"collection":[{"href":"https:\/\/defiendase.com\/index.php\/wp-json\/wp\/v2\/posts"}],"about":[{"href":"https:\/\/defiendase.com\/index.php\/wp-json\/wp\/v2\/types\/post"}],"author":[{"embeddable":true,"href":"https:\/\/defiendase.com\/index.php\/wp-json\/wp\/v2\/users\/4"}],"replies":[{"embeddable":true,"href":"https:\/\/defiendase.com\/index.php\/wp-json\/wp\/v2\/comments?post=5357"}],"version-history":[{"count":2,"href":"https:\/\/defiendase.com\/index.php\/wp-json\/wp\/v2\/posts\/5357\/revisions"}],"predecessor-version":[{"id":5364,"href":"https:\/\/defiendase.com\/index.php\/wp-json\/wp\/v2\/posts\/5357\/revisions\/5364"}],"wp:featuredmedia":[{"embeddable":true,"href":"https:\/\/defiendase.com\/index.php\/wp-json\/wp\/v2\/media\/5363"}],"wp:attachment":[{"href":"https:\/\/defiendase.com\/index.php\/wp-json\/wp\/v2\/media?parent=5357"}],"wp:term":[{"taxonomy":"category","embeddable":true,"href":"https:\/\/defiendase.com\/index.php\/wp-json\/wp\/v2\/categories?post=5357"},{"taxonomy":"post_tag","embeddable":true,"href":"https:\/\/defiendase.com\/index.php\/wp-json\/wp\/v2\/tags?post=5357"}],"curies":[{"name":"wp","href":"https:\/\/api.w.org\/{rel}","templated":true}]}}