{"id":5351,"date":"2024-11-14T18:04:07","date_gmt":"2024-11-14T21:04:07","guid":{"rendered":"https:\/\/defiendase.com\/?p=5351"},"modified":"2024-11-15T16:44:24","modified_gmt":"2024-11-15T19:44:24","slug":"puede-el-gobierno-sacarle-la-jubilacion-a-cristina","status":"publish","type":"post","link":"https:\/\/defiendase.com\/index.php\/puede-el-gobierno-sacarle-la-jubilacion-a-cristina\/","title":{"rendered":"\u00bfPuede el Gobierno sacarle la jubilaci\u00f3n a Cristina?"},"content":{"rendered":"\n<p>Apenas unas horas despu\u00e9s de que la C\u00e1mara de Casaci\u00f3n confirmara la condena a 6 a\u00f1os de prisi\u00f3n e inhabilitaci\u00f3n perpetua para Cristina Kirchner, acusada por corrupci\u00f3n en la causa Vialidad, el Gobierno anunci\u00f3 que dar\u00e1 de baja su jubilaci\u00f3n de privilegio como expresidenta y tambi\u00e9n la pensi\u00f3n que cobra como viuda de N\u00e9stor Kirchner. El vocero presidencial Manuel Adorni sostuvo que esto representar\u00eda un ahorro de 21.827.624 pesos.&nbsp;<\/p>\n\n\n\n<p>\u201cPor orden del presidente Javier Milei y detr\u00e1s del trabajo del Ministerio de Capital Humano, a trav\u00e9s de la ANSES, se resolvi\u00f3 dar de baja la asignaci\u00f3n de privilegio que la expresidenta Cristina Kirchner ven\u00eda percibiendo tanto en la asignaci\u00f3n personal como en la derivada por pensi\u00f3n del ex fallecido ex presidente N\u00e9stor Kirchner\u201d, dijo el vocero.&nbsp;<\/p>\n\n\n\n<p>Sin embargo, los especialistas cuestionaron la medida. Para la abogada previsional, Silvia Arce, \u201ces una decisi\u00f3n inconstitucional\u201d porque \u201cen la ley no est\u00e1 previsto que se d\u00e9 de baja la jubilaci\u00f3n por una condena\u201d. La letrada sostuvo adem\u00e1s que la condena contra Cristina no est\u00e1 firme porque queda la Corte Suprema como instancia de apelaci\u00f3n y explic\u00f3 que la Anses deber\u00eda hacer un juicio y un magistrado deber\u00eda resolver la remoci\u00f3n de la jubilaci\u00f3n de Cristina reci\u00e9n cuando ya el fallo sea inapelable.<\/p>\n\n\n\n<figure class=\"wp-block-video\"><video controls src=\"https:\/\/defiendase.com\/wp-content\/uploads\/2024\/11\/28770f42-9c8f-467e-90ee-48c469f700c3.mov\"><\/video><\/figure>\n\n\n\n<p>Desde el Gobierno aseguran que las condenas por corrupci\u00f3n representan \u201clo contrario al honor, al m\u00e9rito y al buen desempe\u00f1o\u201d, pero descuentan que la expresidenta apelar\u00e1 la decisi\u00f3n. Por esa raz\u00f3n, la ministra de Capital Humano Sandra Pettovello afirm\u00f3 que se mantendr\u00e1n firmes, a\u00fan si hay instancias judiciales de por medio. \u201cConf\u00edo en la justicia\u201d, dijo Pettovello, que anticip\u00f3 que tambi\u00e9n le quitar\u00e1n la jubilaci\u00f3n de privilegio a Amado Boudou y a todos los exfuncionarios condenados por corrupci\u00f3n. &nbsp;<\/p>\n\n\n\n<p>Desde Estados Unidos, donde viaj\u00f3 para visitar a Donald Trump, Milei celebr\u00f3 el revuelo que provoc\u00f3 su decisi\u00f3n y en redes escribi\u00f3: \u201cEl que las hace las paga\u201d<\/p>\n\n\n\n<p><\/p>\n\n\n\n<p><\/p>\n\n\n\n<p><\/p>\n\n\n\n<p>Desde Estados Unidos, donde viaj\u00f3 para visitar a Donald Trump, Milei celebr\u00f3 el revuelo que provoc\u00f3 su decisi\u00f3n y en redes escribi\u00f3: \u201cEl que las hace las paga\u201d<\/p>\n","protected":false},"excerpt":{"rendered":"<p>Apenas unas horas despu\u00e9s de que la C\u00e1mara de Casaci\u00f3n confirmara la condena a 6<\/p>\n","protected":false},"author":4,"featured_media":5352,"comment_status":"open","ping_status":"open","sticky":false,"template":"","format":"standard","meta":{"om_disable_all_campaigns":false,"_monsterinsights_skip_tracking":false,"_monsterinsights_sitenote_active":false,"_monsterinsights_sitenote_note":"","_monsterinsights_sitenote_category":0},"categories":[263],"tags":[],"aioseo_notices":[],"jetpack_featured_media_url":"https:\/\/defiendase.com\/wp-content\/uploads\/2024\/11\/WhatsApp-Image-2024-11-14-at-5.55.01-PM.jpeg","post_mailing_queue_ids":[],"_links":{"self":[{"href":"https:\/\/defiendase.com\/index.php\/wp-json\/wp\/v2\/posts\/5351"}],"collection":[{"href":"https:\/\/defiendase.com\/index.php\/wp-json\/wp\/v2\/posts"}],"about":[{"href":"https:\/\/defiendase.com\/index.php\/wp-json\/wp\/v2\/types\/post"}],"author":[{"embeddable":true,"href":"https:\/\/defiendase.com\/index.php\/wp-json\/wp\/v2\/users\/4"}],"replies":[{"embeddable":true,"href":"https:\/\/defiendase.com\/index.php\/wp-json\/wp\/v2\/comments?post=5351"}],"version-history":[{"count":3,"href":"https:\/\/defiendase.com\/index.php\/wp-json\/wp\/v2\/posts\/5351\/revisions"}],"predecessor-version":[{"id":5362,"href":"https:\/\/defiendase.com\/index.php\/wp-json\/wp\/v2\/posts\/5351\/revisions\/5362"}],"wp:featuredmedia":[{"embeddable":true,"href":"https:\/\/defiendase.com\/index.php\/wp-json\/wp\/v2\/media\/5352"}],"wp:attachment":[{"href":"https:\/\/defiendase.com\/index.php\/wp-json\/wp\/v2\/media?parent=5351"}],"wp:term":[{"taxonomy":"category","embeddable":true,"href":"https:\/\/defiendase.com\/index.php\/wp-json\/wp\/v2\/categories?post=5351"},{"taxonomy":"post_tag","embeddable":true,"href":"https:\/\/defiendase.com\/index.php\/wp-json\/wp\/v2\/tags?post=5351"}],"curies":[{"name":"wp","href":"https:\/\/api.w.org\/{rel}","templated":true}]}}