{"id":5327,"date":"2024-11-11T16:23:22","date_gmt":"2024-11-11T19:23:22","guid":{"rendered":"https:\/\/defiendase.com\/?p=5327"},"modified":"2024-11-11T16:23:25","modified_gmt":"2024-11-11T19:23:25","slug":"imputan-a-95-empresas-por-incluir-tasas-indebidas-en-sus-boletas","status":"publish","type":"post","link":"https:\/\/defiendase.com\/index.php\/imputan-a-95-empresas-por-incluir-tasas-indebidas-en-sus-boletas\/","title":{"rendered":"Imputan a 95 empresas por incluir tasas indebidas en sus boletas\u00a0"},"content":{"rendered":"\n<p>Despu\u00e9s de la oficializaci\u00f3n de la resoluci\u00f3n, de las advertencias y de los cruces con los intendentes, llegan las primeras sanciones. La Secretar\u00eda de Comercio imput\u00f3 a 95 empresas por haber incluido en las facturas tasas o cargos ajenos al contrato entre el proveedor y el consumidor. Adem\u00e1s se abrieron 244 expedientes&nbsp;<\/p>\n\n\n\n<p>Todas las penalizaciones son por cargos incluidos en facturas despu\u00e9s del 11 de octubre, fecha en la que entr\u00f3 en vigencia la resoluci\u00f3n 267, que proh\u00edbe cobrar tasas o impuestos ajenos al servicio en las boletas. Las empresas imputadas son de Ciudad y provincia de Buenos Aires, Misiones, San Juan, Entre R\u00edos, Santa Fe, C\u00f3rdoba, Santa Cruz, Chubut, Chaco, Jujuy, Neuqu\u00e9n, R\u00edo Negro, Mendoza, Corrientes, Tierra del Fuego, Salta, San Luis, Santiago del Estero y Tucum\u00e1n.<\/p>\n\n\n\n<p>Desde la Secretar\u00eda de Comercio explicaron que tras recibir la notificaci\u00f3n, las empresas tienen 5 d\u00edas para hacer un descargo. Una vez cumplido ese plazo, y si la justificaci\u00f3n no es v\u00e1lida, recibir\u00e1n sanciones que contemplan multas de hasta 2130 millones de pesos.&nbsp;<\/p>\n\n\n\n<p>Mientras tanto, sigue vigente el correo electr\u00f3nico habilitado para recibir denuncias sobre empresas que incumplen esta normativa: &nbsp;denunciatufactura@comercio.gob.ar . Hasta el momento ya ingresaron por esa v\u00eda 2705 reclamos.&nbsp;<\/p>\n\n\n\n<p>En el momento de la instrumentaci\u00f3n de la medida, el subsecretario de Comercio, Fernando Blanco Mui\u00f1o explic\u00f3 que esas tasas violan el art\u00edculo 42 de la Constituci\u00f3n, que sostiene que \u00ablos consumidores de bienes y servicios tienen derecho, en la relaci\u00f3n de consumo, a la protecci\u00f3n de su salud, seguridad e intereses econ\u00f3micos; a una informaci\u00f3n adecuada y veraz; a la libertad de elecci\u00f3n y a condiciones de trato equitativo y digno\u00bb.<\/p>\n","protected":false},"excerpt":{"rendered":"<p>Despu\u00e9s de la oficializaci\u00f3n de la resoluci\u00f3n, de las advertencias y de los cruces con<\/p>\n","protected":false},"author":4,"featured_media":5328,"comment_status":"open","ping_status":"open","sticky":false,"template":"","format":"standard","meta":{"om_disable_all_campaigns":false,"_monsterinsights_skip_tracking":false,"_monsterinsights_sitenote_active":false,"_monsterinsights_sitenote_note":"","_monsterinsights_sitenote_category":0},"categories":[9,10],"tags":[],"aioseo_notices":[],"jetpack_featured_media_url":"https:\/\/defiendase.com\/wp-content\/uploads\/2024\/11\/IMG_1754.webp","post_mailing_queue_ids":[],"_links":{"self":[{"href":"https:\/\/defiendase.com\/index.php\/wp-json\/wp\/v2\/posts\/5327"}],"collection":[{"href":"https:\/\/defiendase.com\/index.php\/wp-json\/wp\/v2\/posts"}],"about":[{"href":"https:\/\/defiendase.com\/index.php\/wp-json\/wp\/v2\/types\/post"}],"author":[{"embeddable":true,"href":"https:\/\/defiendase.com\/index.php\/wp-json\/wp\/v2\/users\/4"}],"replies":[{"embeddable":true,"href":"https:\/\/defiendase.com\/index.php\/wp-json\/wp\/v2\/comments?post=5327"}],"version-history":[{"count":1,"href":"https:\/\/defiendase.com\/index.php\/wp-json\/wp\/v2\/posts\/5327\/revisions"}],"predecessor-version":[{"id":5329,"href":"https:\/\/defiendase.com\/index.php\/wp-json\/wp\/v2\/posts\/5327\/revisions\/5329"}],"wp:featuredmedia":[{"embeddable":true,"href":"https:\/\/defiendase.com\/index.php\/wp-json\/wp\/v2\/media\/5328"}],"wp:attachment":[{"href":"https:\/\/defiendase.com\/index.php\/wp-json\/wp\/v2\/media?parent=5327"}],"wp:term":[{"taxonomy":"category","embeddable":true,"href":"https:\/\/defiendase.com\/index.php\/wp-json\/wp\/v2\/categories?post=5327"},{"taxonomy":"post_tag","embeddable":true,"href":"https:\/\/defiendase.com\/index.php\/wp-json\/wp\/v2\/tags?post=5327"}],"curies":[{"name":"wp","href":"https:\/\/api.w.org\/{rel}","templated":true}]}}