{"id":5314,"date":"2024-11-06T17:10:58","date_gmt":"2024-11-06T20:10:58","guid":{"rendered":"https:\/\/defiendase.com\/?p=5314"},"modified":"2024-11-06T17:11:01","modified_gmt":"2024-11-06T20:11:01","slug":"un-fallo-ordena-pagos-retroactivos-a-un-jubilado-de-acuerdo-a-un-ajuste-por-inflacion","status":"publish","type":"post","link":"https:\/\/defiendase.com\/index.php\/un-fallo-ordena-pagos-retroactivos-a-un-jubilado-de-acuerdo-a-un-ajuste-por-inflacion\/","title":{"rendered":"Un fallo ordena pagos retroactivos a un jubilado de acuerdo a un ajuste por inflaci\u00f3n"},"content":{"rendered":"\n<p>La justicia de Mendoza declar\u00f3 inconstitucional la Ley de Movilidad Previsional que aplic\u00f3 el gobierno de Alberto Fern\u00e1ndez y orden\u00f3 que los haberes del demandante sean recalculados en base a la inflaci\u00f3n.&nbsp;<\/p>\n\n\n\n<p>El fallo corresponde a la sala A de la C\u00e1mara Federal, que consider\u00f3 \u00abun fracaso\u00bb la f\u00f3rmula para calcular los aumentos de los jubilados impulsada por el gobierno de Uni\u00f3n por la Patria &nbsp;por las p\u00e9rdidas en el poder adquisitivo que tuvieron entre 2021 y diciembre de 2023, que representaron entre un 32 y un 45% seg\u00fan el haber.<\/p>\n\n\n\n<p>Los jueces Juan Ignacio P\u00e9rez Curci, Gustavo Enrique Casti\u00f1eira de Dios y Alberto Pizarro ordenaron que se recalcule la jubilaci\u00f3n del demandante de enero de 2021 como si se hubiera aplicado la ley 27.426, aprobada en 2017 en medio de serios incidentes en el Congreso y luego derogada. Sucede que en 2020, con la ley suspendida, el gobierno de Alberto Fern\u00e1ndez otorg\u00f3 aumentos discrecionales por decreto que sumaron entre un 24,3% y un 35,3% mientras que si los ajustes se hubieran hecho seg\u00fan la ley, hubieran alcanzado el 42,1%.&nbsp;<\/p>\n\n\n\n<p>A la cifra que surge de ese nuevo c\u00e1lculo, los jueces ordenaron aplicarle un ajuste por inflaci\u00f3n hasta diciembre de 2023. Esto implica que el beneficiario del fallo debe cobrar retroactivos por las diferencias entre lo que le pagaron en esos dos a\u00f1os y lo que sostienen los jueces que deber\u00edan haber subido las jubilaciones.&nbsp;<\/p>\n\n\n\n<p>Ahora se espera que la Anses apele y que el caso llegue la la Corte Suprema.<\/p>\n","protected":false},"excerpt":{"rendered":"<p>La justicia de Mendoza declar\u00f3 inconstitucional la Ley de Movilidad Previsional que aplic\u00f3 el gobierno<\/p>\n","protected":false},"author":4,"featured_media":5315,"comment_status":"open","ping_status":"open","sticky":false,"template":"","format":"standard","meta":{"om_disable_all_campaigns":false,"_monsterinsights_skip_tracking":false,"_monsterinsights_sitenote_active":false,"_monsterinsights_sitenote_note":"","_monsterinsights_sitenote_category":0},"categories":[2],"tags":[],"aioseo_notices":[],"jetpack_featured_media_url":"https:\/\/defiendase.com\/wp-content\/uploads\/2024\/11\/IMG_1472.webp","post_mailing_queue_ids":[],"_links":{"self":[{"href":"https:\/\/defiendase.com\/index.php\/wp-json\/wp\/v2\/posts\/5314"}],"collection":[{"href":"https:\/\/defiendase.com\/index.php\/wp-json\/wp\/v2\/posts"}],"about":[{"href":"https:\/\/defiendase.com\/index.php\/wp-json\/wp\/v2\/types\/post"}],"author":[{"embeddable":true,"href":"https:\/\/defiendase.com\/index.php\/wp-json\/wp\/v2\/users\/4"}],"replies":[{"embeddable":true,"href":"https:\/\/defiendase.com\/index.php\/wp-json\/wp\/v2\/comments?post=5314"}],"version-history":[{"count":1,"href":"https:\/\/defiendase.com\/index.php\/wp-json\/wp\/v2\/posts\/5314\/revisions"}],"predecessor-version":[{"id":5316,"href":"https:\/\/defiendase.com\/index.php\/wp-json\/wp\/v2\/posts\/5314\/revisions\/5316"}],"wp:featuredmedia":[{"embeddable":true,"href":"https:\/\/defiendase.com\/index.php\/wp-json\/wp\/v2\/media\/5315"}],"wp:attachment":[{"href":"https:\/\/defiendase.com\/index.php\/wp-json\/wp\/v2\/media?parent=5314"}],"wp:term":[{"taxonomy":"category","embeddable":true,"href":"https:\/\/defiendase.com\/index.php\/wp-json\/wp\/v2\/categories?post=5314"},{"taxonomy":"post_tag","embeddable":true,"href":"https:\/\/defiendase.com\/index.php\/wp-json\/wp\/v2\/tags?post=5314"}],"curies":[{"name":"wp","href":"https:\/\/api.w.org\/{rel}","templated":true}]}}