{"id":5249,"date":"2024-10-22T14:08:30","date_gmt":"2024-10-22T17:08:30","guid":{"rendered":"https:\/\/defiendase.com\/?p=5249"},"modified":"2024-10-22T14:08:33","modified_gmt":"2024-10-22T17:08:33","slug":"cancer-de-mama-impulsan-por-ley-la-cobertura-total-de-las-cirugias-post-mastectomia","status":"publish","type":"post","link":"https:\/\/defiendase.com\/index.php\/cancer-de-mama-impulsan-por-ley-la-cobertura-total-de-las-cirugias-post-mastectomia\/","title":{"rendered":"C\u00e1ncer de mama: Impulsan por ley la cobertura total de las cirug\u00edas post mastectom\u00eda"},"content":{"rendered":"\n<p>En el marco del mes de concientizaci\u00f3n sobre el c\u00e1ncer de mama se present\u00f3 en el Senado un proyecto para asegurar la cobertura total de operaciones de reconstrucci\u00f3n mamaria en pacientes que se hayan tenido que someter a una mastectom\u00eda.<\/p>\n\n\n\n<p>El autor de la iniciativa es el senador Maximiliano Abad, y lo que busca es cambiar la Ley de Patolog\u00eda Mamaria, incluir la simetrizaci\u00f3n, con el objetivo de que ambas mamas queden iguales, e introducir t\u00e9cnicas avanzadas para lograr resultados m\u00e1s est\u00e9ticos. \u00abLa propuesta garantiza que quienes se enfrentan a esta enfermedad cuenten con un tratamiento integral que les permita retomar sus vidas con la mayor calidad posible\u00bb, dijo al presentar el proyecto.<\/p>\n\n\n\n<p>En Argentina hay m\u00e1s de 22 mil casos diagnosticados anualmente y el c\u00e1ncer de mama es la principal causa de muerte por tumores en mujeres. Y en muchas oportunidades , despu\u00e9s de un tratamiento exitoso, la imposibilidad de acceder a una reconstrucci\u00f3n mamaria acarrea en las pacientes problemas emocionales y psicol\u00f3gicos. La iniciativa contempla estos aspectos emocionales como parte de la salud integral de las mujeres y obliga a las obras sociales y a las prepagas a hacerse cargo de estas intervenciones.<\/p>\n\n\n\n<p>Hasta ahora, muchas mujeres se ven obligadas a recurrir a demandas judiciales para poder lograr la cobertura de las operaciones est\u00e9ticas post tratamiento. Y aunque ya hay varios fallos que sientan precedente, el nuevo proyecto&nbsp; intentar\u00e1 evitar esa instancia judicial y garantizar por ley el acceso a la reconstrucci\u00f3n mamaria como parte del tratamiento integral.<\/p>\n","protected":false},"excerpt":{"rendered":"<p>En el marco del mes de concientizaci\u00f3n sobre el c\u00e1ncer de mama se present\u00f3 en<\/p>\n","protected":false},"author":4,"featured_media":5250,"comment_status":"open","ping_status":"open","sticky":false,"template":"","format":"standard","meta":{"om_disable_all_campaigns":false,"_monsterinsights_skip_tracking":false,"_monsterinsights_sitenote_active":false,"_monsterinsights_sitenote_note":"","_monsterinsights_sitenote_category":0},"categories":[17],"tags":[],"aioseo_notices":[],"jetpack_featured_media_url":"https:\/\/defiendase.com\/wp-content\/uploads\/2024\/10\/mama1.jpg","post_mailing_queue_ids":[],"_links":{"self":[{"href":"https:\/\/defiendase.com\/index.php\/wp-json\/wp\/v2\/posts\/5249"}],"collection":[{"href":"https:\/\/defiendase.com\/index.php\/wp-json\/wp\/v2\/posts"}],"about":[{"href":"https:\/\/defiendase.com\/index.php\/wp-json\/wp\/v2\/types\/post"}],"author":[{"embeddable":true,"href":"https:\/\/defiendase.com\/index.php\/wp-json\/wp\/v2\/users\/4"}],"replies":[{"embeddable":true,"href":"https:\/\/defiendase.com\/index.php\/wp-json\/wp\/v2\/comments?post=5249"}],"version-history":[{"count":1,"href":"https:\/\/defiendase.com\/index.php\/wp-json\/wp\/v2\/posts\/5249\/revisions"}],"predecessor-version":[{"id":5251,"href":"https:\/\/defiendase.com\/index.php\/wp-json\/wp\/v2\/posts\/5249\/revisions\/5251"}],"wp:featuredmedia":[{"embeddable":true,"href":"https:\/\/defiendase.com\/index.php\/wp-json\/wp\/v2\/media\/5250"}],"wp:attachment":[{"href":"https:\/\/defiendase.com\/index.php\/wp-json\/wp\/v2\/media?parent=5249"}],"wp:term":[{"taxonomy":"category","embeddable":true,"href":"https:\/\/defiendase.com\/index.php\/wp-json\/wp\/v2\/categories?post=5249"},{"taxonomy":"post_tag","embeddable":true,"href":"https:\/\/defiendase.com\/index.php\/wp-json\/wp\/v2\/tags?post=5249"}],"curies":[{"name":"wp","href":"https:\/\/api.w.org\/{rel}","templated":true}]}}