{"id":5245,"date":"2024-10-18T17:45:20","date_gmt":"2024-10-18T20:45:20","guid":{"rendered":"https:\/\/defiendase.com\/?p=5245"},"modified":"2024-10-18T17:45:23","modified_gmt":"2024-10-18T20:45:23","slug":"manos-a-la-obra-el-programa-de-bullrich-que-pone-a-trabajar-a-todos-los-presos","status":"publish","type":"post","link":"https:\/\/defiendase.com\/index.php\/manos-a-la-obra-el-programa-de-bullrich-que-pone-a-trabajar-a-todos-los-presos\/","title":{"rendered":"\u00abManos a la obra\u00bb: el programa de Bullrich que pone a trabajar a todos los presos"},"content":{"rendered":"\n<p>\u00abNosotros queremos reinserci\u00f3n, pero no con base en la comodidad de aquella persona que afuera prefer\u00eda robar en vez de trabajar y que aqu\u00ed quiere llevarse un sueldo sin trabajar\u00bb. Con esa frase, Patricia Bullrich present\u00f3 el programa \u00abmanos a la obra\u00bb en la c\u00e1rcel de Ezeiza. Se trata de una iniciativa para que todos los presos de los distintos penales del pa\u00eds deban cumplir una jornada laboral&nbsp; y se formen en distintos oficios.<\/p>\n\n\n\n<p>\u00abNosotros conocemos bien nuestra Constituci\u00f3n. Las c\u00e1rceles tienen que ser sanas y limpias, no para castigos sino para la reinserci\u00f3n. Y el C\u00f3digo Penal de la Naci\u00f3n dice que las personas privadas de su libertad deben hacerse cargo de mantener las instalaciones penitenciarias y de pagar con su trabajo aquello por lo que hoy est\u00e1n detenidas. Con este programa no estamos haciendo ni m\u00e1s ni menos que cumplir con nuestro C\u00f3digo Penal\u00bb, sostuvo Bullrich.<\/p>\n\n\n\n<p>Para esto, la ministra explic\u00f3 que se implementar\u00e1 adem\u00e1s un sistema biom\u00e9trico de control de asistencia, que garantice que todos los detenidos cumplan con 8 horas diarias de trabajo y advirti\u00f3 que \u00abal que no trabaje no se le va a pagar un salario\u00bb.<\/p>\n\n\n\n<p>\u00abCada una de estas c\u00e1rceles son impuestos acumulados de ciudadanos que son robados, asesinados, violados y que despu\u00e9s tienen que poner plata para pagar la c\u00e1rcel que no arreglan los que est\u00e1n adentro. Esa injusticia se termina. El que quiera trabajar va a tener trabajo, y el que no quiera va a tener que trabajar igual, porque si no, no va a cobrar\u00bb, dijo Bullrich que defini\u00f3 a la \u00abcultura tumbera\u00bb que reina en estos momentos en las c\u00e1rceles como \u00abla cultura de la destrucci\u00f3n total\u00bb .<\/p>\n","protected":false},"excerpt":{"rendered":"<p>\u00abNosotros queremos reinserci\u00f3n, pero no con base en la comodidad de aquella persona que afuera<\/p>\n","protected":false},"author":4,"featured_media":5246,"comment_status":"open","ping_status":"open","sticky":false,"template":"","format":"standard","meta":{"om_disable_all_campaigns":false,"_monsterinsights_skip_tracking":false,"_monsterinsights_sitenote_active":false,"_monsterinsights_sitenote_note":"","_monsterinsights_sitenote_category":0},"categories":[263],"tags":[],"aioseo_notices":[],"jetpack_featured_media_url":"https:\/\/defiendase.com\/wp-content\/uploads\/2024\/10\/manos-a-la-obra.webp","post_mailing_queue_ids":[],"_links":{"self":[{"href":"https:\/\/defiendase.com\/index.php\/wp-json\/wp\/v2\/posts\/5245"}],"collection":[{"href":"https:\/\/defiendase.com\/index.php\/wp-json\/wp\/v2\/posts"}],"about":[{"href":"https:\/\/defiendase.com\/index.php\/wp-json\/wp\/v2\/types\/post"}],"author":[{"embeddable":true,"href":"https:\/\/defiendase.com\/index.php\/wp-json\/wp\/v2\/users\/4"}],"replies":[{"embeddable":true,"href":"https:\/\/defiendase.com\/index.php\/wp-json\/wp\/v2\/comments?post=5245"}],"version-history":[{"count":1,"href":"https:\/\/defiendase.com\/index.php\/wp-json\/wp\/v2\/posts\/5245\/revisions"}],"predecessor-version":[{"id":5247,"href":"https:\/\/defiendase.com\/index.php\/wp-json\/wp\/v2\/posts\/5245\/revisions\/5247"}],"wp:featuredmedia":[{"embeddable":true,"href":"https:\/\/defiendase.com\/index.php\/wp-json\/wp\/v2\/media\/5246"}],"wp:attachment":[{"href":"https:\/\/defiendase.com\/index.php\/wp-json\/wp\/v2\/media?parent=5245"}],"wp:term":[{"taxonomy":"category","embeddable":true,"href":"https:\/\/defiendase.com\/index.php\/wp-json\/wp\/v2\/categories?post=5245"},{"taxonomy":"post_tag","embeddable":true,"href":"https:\/\/defiendase.com\/index.php\/wp-json\/wp\/v2\/tags?post=5245"}],"curies":[{"name":"wp","href":"https:\/\/api.w.org\/{rel}","templated":true}]}}