{"id":5229,"date":"2024-10-16T15:34:29","date_gmt":"2024-10-16T18:34:29","guid":{"rendered":"https:\/\/defiendase.com\/?p=5229"},"modified":"2024-10-16T20:07:58","modified_gmt":"2024-10-16T23:07:58","slug":"andres-beccar-varela-sera-uno-de-los-expositores-del-congreso-de-alienacion-parental-en-noviembre","status":"publish","type":"post","link":"https:\/\/defiendase.com\/index.php\/andres-beccar-varela-sera-uno-de-los-expositores-del-congreso-de-alienacion-parental-en-noviembre\/","title":{"rendered":"Andr\u00e9s Beccar Varela ser\u00e1 uno de los expositores del Congreso de Alienaci\u00f3n Parental en noviembre"},"content":{"rendered":"\n<p>\u00abMuchos juzgados de familia se est\u00e1n transformando en usinas de corte parento filiales\u00bb, con esta fuerte frase, el abogado Andr\u00e9s Beccar Varela advirti\u00f3 sobre la preocupaci\u00f3n que genera la alienaci\u00f3n parental, tem\u00e1tica que se abordar\u00e1 en el primer Congreso Internacional e Interdisciplinario sobre Alienaci\u00f3n Parental que tendr\u00e1 lugar en la Facultad de Derecho de Buenos Aires en noviembre.<\/p>\n\n\n\n<p>El abogado de familia explica que \u00ablas leyes contra la violencia familia constituyen herramientas imprescindibles para prevenir o erradicar la violencia\u00bb, pero advierte que en muchas ocasiones una de las formas m\u00e1s crueles de ejercer esta violencia es el impedimento del contacto de los ni\u00f1os con su padre o madre, pedidos por el otro progenitor.<\/p>\n\n\n\n<p>\u00abVemos con mucha preocupaci\u00f3n como en procesos de violencia dom\u00e9stica o de g\u00e9nero se ordenan judicialmente cortes absolutos de v\u00ednculos parento filiales injustificadamente porque&nbsp; no merecen el dictado de medidas tan severas como aquella\u00bb, sostiene.<\/p>\n\n\n\n<p>Mauricio Mizrahi, presidente del Centro de Estudios de Alienaci\u00f3n Parental y organizador del Congreso lo explica as\u00ed: \u00abLa ni\u00f1ez sufre este grave problema. En el mundo, 25 millones de ni\u00f1os han quedado hu\u00e9rfanos de un padre vivo. De ah\u00ed nuestra lucha, que incluye lograr la modificaci\u00f3n de la normativa para evitar esa mala aplicaci\u00f3n de las leyes de violencia familiar, que conduce al r\u00e1pido corte de v\u00ednculos ante la mera denuncia de uno de los padres\u00bb:<\/p>\n\n\n\n<p>El encuentro, que tendr\u00e1 lugar el 14 y 15 de noviembre, buscar\u00e1 echar luz sobre el fen\u00f3meno de la alienaci\u00f3n parental, entendida como la manipulaci\u00f3n o la inducci\u00f3n que uno de los padres realiza hacia su hijo para producir en el menor un rechazo, rencor, odio o miedo hacia el otro progenitor, e indagar\u00e1 sobre alternativas para poder mitigar las consecuencias tanto desde el \u00e1rea psicol\u00f3gica como tambi\u00e9n desde el \u00e1rea jur\u00eddica y social.<\/p>\n\n\n\n<p><\/p>\n\n\n\n<figure class=\"wp-block-video\"><video controls src=\"https:\/\/defiendase.com\/wp-content\/uploads\/2024\/10\/WhatsApp-Video-2024-10-16-at-15.53.46-1.mp4\"><\/video><\/figure>\n","protected":false},"excerpt":{"rendered":"<p>\u00abMuchos juzgados de familia se est\u00e1n transformando en usinas de corte parento filiales\u00bb, con esta<\/p>\n","protected":false},"author":4,"featured_media":5238,"comment_status":"open","ping_status":"open","sticky":false,"template":"","format":"standard","meta":{"om_disable_all_campaigns":false,"_monsterinsights_skip_tracking":false,"_monsterinsights_sitenote_active":false,"_monsterinsights_sitenote_note":"","_monsterinsights_sitenote_category":0},"categories":[252],"tags":[],"aioseo_notices":[],"jetpack_featured_media_url":"https:\/\/defiendase.com\/wp-content\/uploads\/2024\/10\/Imagen-de-WhatsApp-2024-10-16-a-las-17.31.37_555a8e42.jpg","post_mailing_queue_ids":[],"_links":{"self":[{"href":"https:\/\/defiendase.com\/index.php\/wp-json\/wp\/v2\/posts\/5229"}],"collection":[{"href":"https:\/\/defiendase.com\/index.php\/wp-json\/wp\/v2\/posts"}],"about":[{"href":"https:\/\/defiendase.com\/index.php\/wp-json\/wp\/v2\/types\/post"}],"author":[{"embeddable":true,"href":"https:\/\/defiendase.com\/index.php\/wp-json\/wp\/v2\/users\/4"}],"replies":[{"embeddable":true,"href":"https:\/\/defiendase.com\/index.php\/wp-json\/wp\/v2\/comments?post=5229"}],"version-history":[{"count":2,"href":"https:\/\/defiendase.com\/index.php\/wp-json\/wp\/v2\/posts\/5229\/revisions"}],"predecessor-version":[{"id":5236,"href":"https:\/\/defiendase.com\/index.php\/wp-json\/wp\/v2\/posts\/5229\/revisions\/5236"}],"wp:featuredmedia":[{"embeddable":true,"href":"https:\/\/defiendase.com\/index.php\/wp-json\/wp\/v2\/media\/5238"}],"wp:attachment":[{"href":"https:\/\/defiendase.com\/index.php\/wp-json\/wp\/v2\/media?parent=5229"}],"wp:term":[{"taxonomy":"category","embeddable":true,"href":"https:\/\/defiendase.com\/index.php\/wp-json\/wp\/v2\/categories?post=5229"},{"taxonomy":"post_tag","embeddable":true,"href":"https:\/\/defiendase.com\/index.php\/wp-json\/wp\/v2\/tags?post=5229"}],"curies":[{"name":"wp","href":"https:\/\/api.w.org\/{rel}","templated":true}]}}