{"id":5207,"date":"2024-10-11T18:59:34","date_gmt":"2024-10-11T21:59:34","guid":{"rendered":"https:\/\/defiendase.com\/?p=5207"},"modified":"2024-10-11T18:59:36","modified_gmt":"2024-10-11T21:59:36","slug":"ya-rige-la-prohibicion-para-incluir-tasas-e-impuestos-ajenos-en-las-facturas-de-servicios","status":"publish","type":"post","link":"https:\/\/defiendase.com\/index.php\/ya-rige-la-prohibicion-para-incluir-tasas-e-impuestos-ajenos-en-las-facturas-de-servicios\/","title":{"rendered":"Ya rige la prohibici\u00f3n para incluir tasas e impuestos ajenos en las facturas de servicios&nbsp;"},"content":{"rendered":"\n<p>A 30 d\u00edas del anuncio oficial del Gobierno, entr\u00f3 en vigencia la resoluci\u00f3n por la cual las facturas de los servicios p\u00fablicos ya no pueden incluir otros cargos, como tasas o impuestos. Esto abarca a las empresas de servicios p\u00fablicos de todo el pa\u00eds y a quienes comercializan bienes. &nbsp;Solo podr\u00e1n incluir en sus facturas \u00fanica y exclusivamente la descripci\u00f3n y el precio correspondiente al servicio que prestan.<\/p>\n\n\n\n<p>Esto pega de lleno en la caja de muchos intendentes y algunos gobernadores, que cobraban parte de los impuestos municipales o provinciales a trav\u00e9s de las boletas de luz, gas, agua o mantenimiento del espacio p\u00fablico. Desde la Secretar\u00eda de Comercio explicaron que en caso de incumplimiento, los consumidores podr\u00e1n denunciar las irregularidades a trav\u00e9s de la casilla de correo electr\u00f3nico denunciatufactura@comercio.gob.ar.&nbsp;<\/p>\n\n\n\n<p>Las empresas que no cumplan con la normativa podr\u00e1n recibir distintos tipos de sanciones, que van desde la apertura de un sumario administrativo hasta la aplicaci\u00f3n de multas.<\/p>\n\n\n\n<p>La resoluci\u00f3n 267\/24 de Industria y Comercio se complementa con las resoluciones del Ente Nacional Regulador de la Electricidad (ENRE) y del Ente Nacional Regulador del Gas (Enargas) publicadas esta semana, en las que se proh\u00edbe incluir en las facturas conceptos ajenos a los servicios prestados.<\/p>\n\n\n\n<p>La medida fue respaldada por asociaciones de consumidores de todo el pa\u00eds que manifestaron la necesidad de terminar con estos cobros indebidos, que encarecen el valor total de la factura.<\/p>\n","protected":false},"excerpt":{"rendered":"<p>A 30 d\u00edas del anuncio oficial del Gobierno, entr\u00f3 en vigencia la resoluci\u00f3n por la<\/p>\n","protected":false},"author":4,"featured_media":5208,"comment_status":"open","ping_status":"open","sticky":false,"template":"","format":"standard","meta":{"om_disable_all_campaigns":false,"_monsterinsights_skip_tracking":false,"_monsterinsights_sitenote_active":false,"_monsterinsights_sitenote_note":"","_monsterinsights_sitenote_category":0},"categories":[10],"tags":[],"aioseo_notices":[],"jetpack_featured_media_url":"https:\/\/defiendase.com\/wp-content\/uploads\/2024\/10\/IMG_0313.jpeg","post_mailing_queue_ids":[],"_links":{"self":[{"href":"https:\/\/defiendase.com\/index.php\/wp-json\/wp\/v2\/posts\/5207"}],"collection":[{"href":"https:\/\/defiendase.com\/index.php\/wp-json\/wp\/v2\/posts"}],"about":[{"href":"https:\/\/defiendase.com\/index.php\/wp-json\/wp\/v2\/types\/post"}],"author":[{"embeddable":true,"href":"https:\/\/defiendase.com\/index.php\/wp-json\/wp\/v2\/users\/4"}],"replies":[{"embeddable":true,"href":"https:\/\/defiendase.com\/index.php\/wp-json\/wp\/v2\/comments?post=5207"}],"version-history":[{"count":1,"href":"https:\/\/defiendase.com\/index.php\/wp-json\/wp\/v2\/posts\/5207\/revisions"}],"predecessor-version":[{"id":5209,"href":"https:\/\/defiendase.com\/index.php\/wp-json\/wp\/v2\/posts\/5207\/revisions\/5209"}],"wp:featuredmedia":[{"embeddable":true,"href":"https:\/\/defiendase.com\/index.php\/wp-json\/wp\/v2\/media\/5208"}],"wp:attachment":[{"href":"https:\/\/defiendase.com\/index.php\/wp-json\/wp\/v2\/media?parent=5207"}],"wp:term":[{"taxonomy":"category","embeddable":true,"href":"https:\/\/defiendase.com\/index.php\/wp-json\/wp\/v2\/categories?post=5207"},{"taxonomy":"post_tag","embeddable":true,"href":"https:\/\/defiendase.com\/index.php\/wp-json\/wp\/v2\/tags?post=5207"}],"curies":[{"name":"wp","href":"https:\/\/api.w.org\/{rel}","templated":true}]}}