{"id":5202,"date":"2024-10-10T15:45:30","date_gmt":"2024-10-10T18:45:30","guid":{"rendered":"https:\/\/defiendase.com\/?p=5202"},"modified":"2024-10-10T18:02:53","modified_gmt":"2024-10-10T21:02:53","slug":"piden-la-indagatoria-de-insaurralde-por-lacado-y-enriquecimiento-ilicito","status":"publish","type":"post","link":"https:\/\/defiendase.com\/index.php\/piden-la-indagatoria-de-insaurralde-por-lacado-y-enriquecimiento-ilicito\/","title":{"rendered":"Piden la indagatoria de Insaurralde por lavado y enriquecimiento il\u00edcito"},"content":{"rendered":"\n<p>La justicia cierra el cerco sobre Mart\u00edn Insaurralde. El ex funcionario de Kicillof y ex intendente de Lomas de Zamora qued\u00f3 a un paso de la indagatoria despu\u00e9s de que el fiscal Sergio Mola pidiera que declare en la causa por enriquecimiento il\u00edcito y lavado de dinero. El juez Ernesto Kreplak le dio 10 d\u00edas para que explique c\u00f3mo logr\u00f3 su patrimonio. Si no lo hace, podr\u00eda poner fecha para que se lo indague.<\/p>\n\n\n\n<p>El fiscal cree que Insaurralde no puede justificar sus bienes con los ingresos que ten\u00eda como funcionario y va detr\u00e1s de la pista de la corrupci\u00f3n. Mola enumera el viaje a Marbella con Sof\u00eda Clerici, el alquiler del yate de lujo, la compra de una enorme casa en el country Chacras de San Vicente y el uso de distintos veh\u00edculos y de un departamento en Puerto Madero que es propiedad de una empresa vinculada al detenido exfuncionario Jos\u00e9 L\u00f3pez, entre otras cosas.<\/p>\n\n\n\n<p>La acusaci\u00f3n sostiene que se pusieron \u00aben circulaci\u00f3n fondos provenientes de actos de corrupci\u00f3n vinculados al ejercicio de las distintas funciones p\u00fablicas ejercidas por Mart\u00edn Insaurralde, evidenciados por situaciones de incompatibilidad, conflictos de inter\u00e9s y el incremento patrimonial apreciable que no encuentra correlato con sus ingresos l\u00edcitos\u00bb.<\/p>\n\n\n\n<p>Adem\u00e1s pidi\u00f3 la indagatoria de los hijos de Insaurralde, de su ex esposa y de dos presuntos testaferros del exintendente. Llamativamente, dej\u00f3 afuera de la solicitud a Jesica Cirio, expareja de Insaurralde y a Sof\u00eda Clerici.&nbsp;<\/p>\n\n\n\n<p>Ahora Insaurralde tiene 10 d\u00edas para intentar justificar su estilo de vida, sus gastos y sus bienes. Si no puede hacerlo, empezar\u00e1 a desandar un camino judicial que puede ponerlo tras las rejas como un emblema de la corrupci\u00f3n.<\/p>\n\n\n\n<p><\/p>\n\n\n\n<p><\/p>\n","protected":false},"excerpt":{"rendered":"<p>La justicia cierra el cerco sobre Mart\u00edn Insaurralde. El ex funcionario de Kicillof y ex<\/p>\n","protected":false},"author":4,"featured_media":5203,"comment_status":"open","ping_status":"open","sticky":false,"template":"","format":"standard","meta":{"om_disable_all_campaigns":false,"_monsterinsights_skip_tracking":false,"_monsterinsights_sitenote_active":false,"_monsterinsights_sitenote_note":"","_monsterinsights_sitenote_category":0},"categories":[263],"tags":[],"aioseo_notices":[],"jetpack_featured_media_url":"https:\/\/defiendase.com\/wp-content\/uploads\/2024\/10\/insaurralde.jpg","post_mailing_queue_ids":[],"_links":{"self":[{"href":"https:\/\/defiendase.com\/index.php\/wp-json\/wp\/v2\/posts\/5202"}],"collection":[{"href":"https:\/\/defiendase.com\/index.php\/wp-json\/wp\/v2\/posts"}],"about":[{"href":"https:\/\/defiendase.com\/index.php\/wp-json\/wp\/v2\/types\/post"}],"author":[{"embeddable":true,"href":"https:\/\/defiendase.com\/index.php\/wp-json\/wp\/v2\/users\/4"}],"replies":[{"embeddable":true,"href":"https:\/\/defiendase.com\/index.php\/wp-json\/wp\/v2\/comments?post=5202"}],"version-history":[{"count":2,"href":"https:\/\/defiendase.com\/index.php\/wp-json\/wp\/v2\/posts\/5202\/revisions"}],"predecessor-version":[{"id":5206,"href":"https:\/\/defiendase.com\/index.php\/wp-json\/wp\/v2\/posts\/5202\/revisions\/5206"}],"wp:featuredmedia":[{"embeddable":true,"href":"https:\/\/defiendase.com\/index.php\/wp-json\/wp\/v2\/media\/5203"}],"wp:attachment":[{"href":"https:\/\/defiendase.com\/index.php\/wp-json\/wp\/v2\/media?parent=5202"}],"wp:term":[{"taxonomy":"category","embeddable":true,"href":"https:\/\/defiendase.com\/index.php\/wp-json\/wp\/v2\/categories?post=5202"},{"taxonomy":"post_tag","embeddable":true,"href":"https:\/\/defiendase.com\/index.php\/wp-json\/wp\/v2\/tags?post=5202"}],"curies":[{"name":"wp","href":"https:\/\/api.w.org\/{rel}","templated":true}]}}