{"id":5194,"date":"2024-10-09T15:25:01","date_gmt":"2024-10-09T18:25:01","guid":{"rendered":"https:\/\/defiendase.com\/?p=5194"},"modified":"2024-10-09T15:26:57","modified_gmt":"2024-10-09T18:26:57","slug":"fuerte-denuncia-de-carrio-contra-el-ministro-de-salud","status":"publish","type":"post","link":"https:\/\/defiendase.com\/index.php\/fuerte-denuncia-de-carrio-contra-el-ministro-de-salud\/","title":{"rendered":"Fuerte denuncia de Carri\u00f3 contra el ministro de salud"},"content":{"rendered":"\n<p>La titular de la Coalici\u00f3n C\u00edvica, Elisa Carri\u00f3, denunci\u00f3 al nuevo ministro de Salud, Mario Lugones, por echar a los miembros del Consejo de Administraci\u00f3n del Hospital Garrahan por dar un bono de 500 mil pesos a los trabajadores sin consultar con el ministerio. La acusaci\u00f3n es por abuso de autoridad y fue presentada en los tribunales de Comodoro Py.<\/p>\n\n\n\n<p>\u00abLa directiva impartida tiene por \u00fanico fin amedrentar a toda autoridad administrativa a que se someta al criterio del Ministerio de Salud de la Naci\u00f3n, a\u00fan cuando, se actu\u00e9 en contra de las normas legalmente vigentes\u00bb, sostuvo Carri\u00f3, que fue a la justicia acompa\u00f1ada por la diputada nacional Marcela Campagnoli.<\/p>\n\n\n\n<p>El conflicto del Garrahan lleva meses pero escal\u00f3 la semana pasada cuando, tras asumir en el ministerio en lugar de Mario Russo, Lugones impuls\u00f3 como una de sus primeras medidas\u00a0 la remoci\u00f3n de todos los integrantes del Consejo administrativo del hospital. Seg\u00fan dijo, la decisi\u00f3n de dar el bono no fue consultada ni evaluada con el Gobierno.<\/p>\n\n\n\n<figure class=\"wp-block-image size-full\"><img loading=\"lazy\" width=\"592\" height=\"198\" src=\"https:\/\/defiendase.com\/wp-content\/uploads\/2024\/10\/image-1.png\" alt=\"\" class=\"wp-image-5197\" srcset=\"https:\/\/defiendase.com\/wp-content\/uploads\/2024\/10\/image-1.png 592w, https:\/\/defiendase.com\/wp-content\/uploads\/2024\/10\/image-1-300x100.png 300w\" sizes=\"(max-width: 592px) 100vw, 592px\" \/><\/figure>\n\n\n\n<p>Seg\u00fan la presentaci\u00f3n de Carri\u00f3, \u00abdicha suma proviene de un fondo que el consejo administra y del cual puede decidir discrecionalmente y sin necesidad de consultar con el Ministerio de Salud, tal como hist\u00f3ricamente se ha efectuado\u00bb. Por eso, la referente opositora apunt\u00f3 directamente contra Lugones:&nbsp; \u00abEl \u00fanico motivo por el cual fue tomada esta decisi\u00f3n claramente arbitraria y contraria a la normativa que le permite discrecionalmente asignar esos fondos inconsultamente al consejo, es un encono personal del Ministro y las autoridades del Ejecutivo posiblemente motivado en evitar un efecto contagio en los reclamos salariales por parte de los restantes nosocomios ya que se ha recortado el presupuesto de Salud\u00bb.<\/p>\n\n\n\n<p>La Junta Interna de ATE del Garrahan est\u00e1 llevando adelante un paro de 48 horas para reclamar una urgente recomposici\u00f3n salarial para profesionales y residentes y para que ese bono, que fue otorgado por \u00fanica vez, se incorpore al salario definitivamente.<\/p>\n","protected":false},"excerpt":{"rendered":"<p>La titular de la Coalici\u00f3n C\u00edvica, Elisa Carri\u00f3, denunci\u00f3 al nuevo ministro de Salud, Mario<\/p>\n","protected":false},"author":4,"featured_media":5196,"comment_status":"open","ping_status":"open","sticky":false,"template":"","format":"standard","meta":{"om_disable_all_campaigns":false,"_monsterinsights_skip_tracking":false,"_monsterinsights_sitenote_active":false,"_monsterinsights_sitenote_note":"","_monsterinsights_sitenote_category":0},"categories":[17],"tags":[],"aioseo_notices":[],"jetpack_featured_media_url":"https:\/\/defiendase.com\/wp-content\/uploads\/2024\/10\/CARRIO-1.jpg","post_mailing_queue_ids":[],"_links":{"self":[{"href":"https:\/\/defiendase.com\/index.php\/wp-json\/wp\/v2\/posts\/5194"}],"collection":[{"href":"https:\/\/defiendase.com\/index.php\/wp-json\/wp\/v2\/posts"}],"about":[{"href":"https:\/\/defiendase.com\/index.php\/wp-json\/wp\/v2\/types\/post"}],"author":[{"embeddable":true,"href":"https:\/\/defiendase.com\/index.php\/wp-json\/wp\/v2\/users\/4"}],"replies":[{"embeddable":true,"href":"https:\/\/defiendase.com\/index.php\/wp-json\/wp\/v2\/comments?post=5194"}],"version-history":[{"count":2,"href":"https:\/\/defiendase.com\/index.php\/wp-json\/wp\/v2\/posts\/5194\/revisions"}],"predecessor-version":[{"id":5198,"href":"https:\/\/defiendase.com\/index.php\/wp-json\/wp\/v2\/posts\/5194\/revisions\/5198"}],"wp:featuredmedia":[{"embeddable":true,"href":"https:\/\/defiendase.com\/index.php\/wp-json\/wp\/v2\/media\/5196"}],"wp:attachment":[{"href":"https:\/\/defiendase.com\/index.php\/wp-json\/wp\/v2\/media?parent=5194"}],"wp:term":[{"taxonomy":"category","embeddable":true,"href":"https:\/\/defiendase.com\/index.php\/wp-json\/wp\/v2\/categories?post=5194"},{"taxonomy":"post_tag","embeddable":true,"href":"https:\/\/defiendase.com\/index.php\/wp-json\/wp\/v2\/tags?post=5194"}],"curies":[{"name":"wp","href":"https:\/\/api.w.org\/{rel}","templated":true}]}}