{"id":5186,"date":"2024-10-04T16:24:49","date_gmt":"2024-10-04T19:24:49","guid":{"rendered":"https:\/\/defiendase.com\/?p=5186"},"modified":"2024-10-04T16:24:51","modified_gmt":"2024-10-04T19:24:51","slug":"la-justicia-prohibio-cortar-la-luz-el-gas-o-el-agua-por-falta-de-pago-en-la-matanza","status":"publish","type":"post","link":"https:\/\/defiendase.com\/index.php\/la-justicia-prohibio-cortar-la-luz-el-gas-o-el-agua-por-falta-de-pago-en-la-matanza\/","title":{"rendered":"La Justicia prohibi\u00f3 cortar la luz, el gas o el agua por falta de pago en La Matanza"},"content":{"rendered":"\n<p>En medio del ajuste que golpea a los sectores medios de la sociedad y sobre todo a los m\u00e1s vulnerables, el intendente de La Matanza, Fernando Espinoza, no perdi\u00f3 tiempo y aprovech\u00f3 el ahogo de las familias para anotarse un punto pol\u00edtico. Tras una nueva suba de tarifas de gas, luz y agua, desde la intendencia presentaron un amparo contra los cortes de servicio por falta de pago y lograron el gui\u00f1o de la justicia.<\/p>\n\n\n\n<p>El juez Federico Gallo Quintian orden\u00f3 a trav\u00e9s de una medida cautelar que las empresas no interrumpan el suministro a los hogares que no paguen \u00abhasta tanto se resuelva fijar tarifas accesibles\u00bb.<\/p>\n\n\n\n<p>\u00abLos sucesivos y tremendos tarifazos dispuestos a lo largo del a\u00f1o por las empresas energ\u00e9ticas y de agua, con el apoyo del gobierno nacional, hicieron que la mayor\u00eda de los usuarios cayera en situaci\u00f3n de Pobreza Energ\u00e9tica, es decir que las tarifas insumen m\u00e1s del 10%. del ingreso, con facturas que han aumentado hasta el 1000%\u00bb, sostuvieron en un comunicado desde el municipio.<\/p>\n\n\n\n<p>Desde el 1 de octubre rige un nuevo aumento del 3% para la luz y el gas y del 5% para el agua. La presi\u00f3n de la suba de tarifas se siente en los hogares m\u00e1s pobres, que son mayor\u00eda en el territorio de La Matanza. El intendente, r\u00e1pido de reflejos pol\u00edticos, busca con esto llevar agua para su molino.<\/p>\n\n\n\n<p>Hacer pol\u00edtica con la pobreza, una vieja estrategia que sigue dando resultados en un contexto de crisis profunda en el conurbano.<\/p>\n","protected":false},"excerpt":{"rendered":"<p>En medio del ajuste que golpea a los sectores medios de la sociedad y sobre<\/p>\n","protected":false},"author":4,"featured_media":5188,"comment_status":"open","ping_status":"open","sticky":false,"template":"","format":"standard","meta":{"om_disable_all_campaigns":false,"_monsterinsights_skip_tracking":false,"_monsterinsights_sitenote_active":false,"_monsterinsights_sitenote_note":"","_monsterinsights_sitenote_category":0},"categories":[10],"tags":[],"aioseo_notices":[],"jetpack_featured_media_url":"https:\/\/defiendase.com\/wp-content\/uploads\/2024\/10\/luz-gas-agua-1.jpg","post_mailing_queue_ids":[],"_links":{"self":[{"href":"https:\/\/defiendase.com\/index.php\/wp-json\/wp\/v2\/posts\/5186"}],"collection":[{"href":"https:\/\/defiendase.com\/index.php\/wp-json\/wp\/v2\/posts"}],"about":[{"href":"https:\/\/defiendase.com\/index.php\/wp-json\/wp\/v2\/types\/post"}],"author":[{"embeddable":true,"href":"https:\/\/defiendase.com\/index.php\/wp-json\/wp\/v2\/users\/4"}],"replies":[{"embeddable":true,"href":"https:\/\/defiendase.com\/index.php\/wp-json\/wp\/v2\/comments?post=5186"}],"version-history":[{"count":1,"href":"https:\/\/defiendase.com\/index.php\/wp-json\/wp\/v2\/posts\/5186\/revisions"}],"predecessor-version":[{"id":5189,"href":"https:\/\/defiendase.com\/index.php\/wp-json\/wp\/v2\/posts\/5186\/revisions\/5189"}],"wp:featuredmedia":[{"embeddable":true,"href":"https:\/\/defiendase.com\/index.php\/wp-json\/wp\/v2\/media\/5188"}],"wp:attachment":[{"href":"https:\/\/defiendase.com\/index.php\/wp-json\/wp\/v2\/media?parent=5186"}],"wp:term":[{"taxonomy":"category","embeddable":true,"href":"https:\/\/defiendase.com\/index.php\/wp-json\/wp\/v2\/categories?post=5186"},{"taxonomy":"post_tag","embeddable":true,"href":"https:\/\/defiendase.com\/index.php\/wp-json\/wp\/v2\/tags?post=5186"}],"curies":[{"name":"wp","href":"https:\/\/api.w.org\/{rel}","templated":true}]}}