{"id":5154,"date":"2024-09-26T11:13:46","date_gmt":"2024-09-26T14:13:46","guid":{"rendered":"https:\/\/defiendase.com\/?p=5154"},"modified":"2024-09-26T11:14:18","modified_gmt":"2024-09-26T14:14:18","slug":"las-nuevas-leyes-del-trabajo","status":"publish","type":"post","link":"https:\/\/defiendase.com\/index.php\/las-nuevas-leyes-del-trabajo\/","title":{"rendered":"Las nuevas leyes del trabajo"},"content":{"rendered":"\n<p>El Gobierno nacional reglament\u00f3 la reforma laboral con profundos cambios y sostuvo que la nueva norma bajar\u00e1 los \u00edndices de trabajo en negro y generar\u00e1 m\u00e1s oportunidades para generar empleo en el sector privado. Sin embargo, esta flexibilizaci\u00f3n tambi\u00e9n cosech\u00f3 cr\u00edticas desde varios sectores de la econom\u00eda, que la ven como una precarizaci\u00f3n del trabajo y un beneficio para los empresarios en detrimento de los trabajadores.<\/p>\n\n\n\n<p>Entre los puntos salientes de la nueva norma se encuentra una suerte de blanqueo para regularizar a los empleados informales, que condonar\u00e1 hasta el 70% de la deuda por aportes y contribuciones patronales. Tambi\u00e9n est\u00e1 la posibilidad de que los trabajadores independientes puedan tener&nbsp; hasta 3 colaboradores, tambi\u00e9n monotributistas, en lugar de empleados, lo que cambiar\u00eda la figura de la relaci\u00f3n de dependencia y facilitar\u00eda la gesti\u00f3n de servicios.<\/p>\n\n\n\n<p>Otro punto importante es el que reemplaza las indemnizaciones por un fondo de cese laboral, que deber\u00e1 tener el acuerdo mutuo de las partes antes de la firma del contrato. En este sentido, el Ministro de Desregulaci\u00f3n, Federico Sturzenegger, explic\u00f3 que es un sistema que les permite al empleador y al trabajador decidir libremente c\u00f3mo dise\u00f1ar la relaci\u00f3n laboral y destac\u00f3 que en la industria de la construcci\u00f3n, donde ya se aplican estos convenios, se redujo notablemente el litigio laboral.<\/p>\n\n\n\n<p>Por otro lado, la norma ampl\u00eda los per\u00edodos de prueba de 3 a 6 meses, sin que el empleador tenga la obligaci\u00f3n de pagar indemnizaciones o dar explicaciones si despide al trabajador dentro de ese plazo.<\/p>\n\n\n\n<p>Por \u00faltimo, la nueva ley considera que los bloqueos a las empresas y las tomas de establecimientos son causales de despido. En este punto, la CGT propuso habilitar una instancia judicial previa al cese laboral, pero el Gobierno por ahora no cambi\u00f3 ni una coma.<\/p>\n","protected":false},"excerpt":{"rendered":"<p>El Gobierno nacional reglament\u00f3 la reforma laboral con profundos cambios y sostuvo que la nueva<\/p>\n","protected":false},"author":4,"featured_media":5155,"comment_status":"open","ping_status":"open","sticky":false,"template":"","format":"standard","meta":{"om_disable_all_campaigns":false,"_monsterinsights_skip_tracking":false,"_monsterinsights_sitenote_active":false,"_monsterinsights_sitenote_note":"","_monsterinsights_sitenote_category":0},"categories":[8],"tags":[],"aioseo_notices":[],"jetpack_featured_media_url":"https:\/\/defiendase.com\/wp-content\/uploads\/2024\/09\/MILEI-STURZENEGGER.webp","post_mailing_queue_ids":[],"_links":{"self":[{"href":"https:\/\/defiendase.com\/index.php\/wp-json\/wp\/v2\/posts\/5154"}],"collection":[{"href":"https:\/\/defiendase.com\/index.php\/wp-json\/wp\/v2\/posts"}],"about":[{"href":"https:\/\/defiendase.com\/index.php\/wp-json\/wp\/v2\/types\/post"}],"author":[{"embeddable":true,"href":"https:\/\/defiendase.com\/index.php\/wp-json\/wp\/v2\/users\/4"}],"replies":[{"embeddable":true,"href":"https:\/\/defiendase.com\/index.php\/wp-json\/wp\/v2\/comments?post=5154"}],"version-history":[{"count":1,"href":"https:\/\/defiendase.com\/index.php\/wp-json\/wp\/v2\/posts\/5154\/revisions"}],"predecessor-version":[{"id":5156,"href":"https:\/\/defiendase.com\/index.php\/wp-json\/wp\/v2\/posts\/5154\/revisions\/5156"}],"wp:featuredmedia":[{"embeddable":true,"href":"https:\/\/defiendase.com\/index.php\/wp-json\/wp\/v2\/media\/5155"}],"wp:attachment":[{"href":"https:\/\/defiendase.com\/index.php\/wp-json\/wp\/v2\/media?parent=5154"}],"wp:term":[{"taxonomy":"category","embeddable":true,"href":"https:\/\/defiendase.com\/index.php\/wp-json\/wp\/v2\/categories?post=5154"},{"taxonomy":"post_tag","embeddable":true,"href":"https:\/\/defiendase.com\/index.php\/wp-json\/wp\/v2\/tags?post=5154"}],"curies":[{"name":"wp","href":"https:\/\/api.w.org\/{rel}","templated":true}]}}