{"id":5144,"date":"2024-09-24T16:57:37","date_gmt":"2024-09-24T19:57:37","guid":{"rendered":"https:\/\/defiendase.com\/?p=5144"},"modified":"2024-09-24T16:57:40","modified_gmt":"2024-09-24T19:57:40","slug":"juan-pablo-gallego-se-suma-a-la-causa-loan-para-ayudar-a-los-padres","status":"publish","type":"post","link":"https:\/\/defiendase.com\/index.php\/juan-pablo-gallego-se-suma-a-la-causa-loan-para-ayudar-a-los-padres\/","title":{"rendered":"Juan Pablo Gallego se suma a la Causa Loan para ayudar a los padres"},"content":{"rendered":"\n<p>Despu\u00e9s de que pasaron 100 d\u00edas de la desaparici\u00f3n de Loan en Corrientes, y a\u00fan sin pistas concretas en la investigaci\u00f3n, la familia del nene recurri\u00f3 a un renombrado abogado para tratar de darle impulso a la causa y llegar a la verdad. Se trata de Juan Pablo Gallego, que represent\u00f3 al denunciante que llev\u00f3 al padre Julio C\u00e9sar Grassi a la c\u00e1rcel por abuso de menores.<\/p>\n\n\n\n<p>Gallego se sumar\u00e1 al trabajo de Roberto M\u00e9ndez, que ya viene representando a la familia, y buscar\u00e1 desde el inicio darle un cauce a una investigaci\u00f3n que parece empantanada pese a tener a 7 personas detenidas.<\/p>\n\n\n\n<p>Las hip\u00f3tesis de la justicia siguen siendo dos: un secuestro con fines de trata y un accidente.<\/p>\n\n\n\n<p>En sus primeras horas en su nuevo rol, Gallego se mostr\u00f3 esperanzado, expres\u00f3 su confianza en el avance de la causa y sostuvo que vio \u00aba dos padres desesperados, que necesitan terminar con la p\u00e9rdida negligente de tiempo y encontrar a su hijo\u00bb.<\/p>\n\n\n\n<figure class=\"wp-block-video\"><video controls src=\"blob:https:\/\/defiendase.com\/a3b98051-ed2b-4c71-ad1e-82f0b6d71888\"><\/video><\/figure>\n\n\n\n<p><\/p>\n","protected":false},"excerpt":{"rendered":"<p>Despu\u00e9s de que pasaron 100 d\u00edas de la desaparici\u00f3n de Loan en Corrientes, y a\u00fan<\/p>\n","protected":false},"author":4,"featured_media":5145,"comment_status":"open","ping_status":"open","sticky":false,"template":"","format":"standard","meta":{"om_disable_all_campaigns":false,"_monsterinsights_skip_tracking":false,"_monsterinsights_sitenote_active":false,"_monsterinsights_sitenote_note":"","_monsterinsights_sitenote_category":0},"categories":[263],"tags":[],"aioseo_notices":[],"jetpack_featured_media_url":"https:\/\/defiendase.com\/wp-content\/uploads\/2024\/09\/juan-pablo-gallego.webp","post_mailing_queue_ids":[],"_links":{"self":[{"href":"https:\/\/defiendase.com\/index.php\/wp-json\/wp\/v2\/posts\/5144"}],"collection":[{"href":"https:\/\/defiendase.com\/index.php\/wp-json\/wp\/v2\/posts"}],"about":[{"href":"https:\/\/defiendase.com\/index.php\/wp-json\/wp\/v2\/types\/post"}],"author":[{"embeddable":true,"href":"https:\/\/defiendase.com\/index.php\/wp-json\/wp\/v2\/users\/4"}],"replies":[{"embeddable":true,"href":"https:\/\/defiendase.com\/index.php\/wp-json\/wp\/v2\/comments?post=5144"}],"version-history":[{"count":1,"href":"https:\/\/defiendase.com\/index.php\/wp-json\/wp\/v2\/posts\/5144\/revisions"}],"predecessor-version":[{"id":5146,"href":"https:\/\/defiendase.com\/index.php\/wp-json\/wp\/v2\/posts\/5144\/revisions\/5146"}],"wp:featuredmedia":[{"embeddable":true,"href":"https:\/\/defiendase.com\/index.php\/wp-json\/wp\/v2\/media\/5145"}],"wp:attachment":[{"href":"https:\/\/defiendase.com\/index.php\/wp-json\/wp\/v2\/media?parent=5144"}],"wp:term":[{"taxonomy":"category","embeddable":true,"href":"https:\/\/defiendase.com\/index.php\/wp-json\/wp\/v2\/categories?post=5144"},{"taxonomy":"post_tag","embeddable":true,"href":"https:\/\/defiendase.com\/index.php\/wp-json\/wp\/v2\/tags?post=5144"}],"curies":[{"name":"wp","href":"https:\/\/api.w.org\/{rel}","templated":true}]}}