{"id":5119,"date":"2024-09-16T14:58:04","date_gmt":"2024-09-16T17:58:04","guid":{"rendered":"https:\/\/defiendase.com\/?p=5119"},"modified":"2024-09-16T14:58:06","modified_gmt":"2024-09-16T17:58:06","slug":"violencia-de-genero-un-proyecto-que-penaliza-las-falsas-denuncias","status":"publish","type":"post","link":"https:\/\/defiendase.com\/index.php\/violencia-de-genero-un-proyecto-que-penaliza-las-falsas-denuncias\/","title":{"rendered":"Violencia de g\u00e9nero: Un proyecto que penaliza las falsas denuncias"},"content":{"rendered":"\n<p>En el Senado de la Naci\u00f3n espera su tratamiento un proyecto de ley que, en la era de la informaci\u00f3n acentuada por la velocidad de las redes, resulta fundamental para paliar las consecuencias negativas de una tendencia que parece fuera de control: las falsas denuncias por violencia de g\u00e9nero.<\/p>\n\n\n\n<p>En medio de un tema tan serio y sensible como la violencia intrafamiliar y la violencia de g\u00e9nero, muchas veces las denuncias en realidad no responden a un delito real, sino que obedecen a motivaciones personales, a venganzas, a viejos rencores o a b\u00fasquedas de alg\u00fan beneficio econ\u00f3mico o en la custodia de los hijos tras una separaci\u00f3n.<\/p>\n\n\n\n<p>En estos casos, la viralizaci\u00f3n a trav\u00e9s de distintos medios hace que en muy poco tiempo se logre una condena social del acusado sin esperar a la justicia.<\/p>\n\n\n\n<p>El proyecto busca poner un l\u00edmite a esta proliferaci\u00f3n de falsas denuncias y para esto, propone tipificar en el c\u00f3digo penal el delito de la falsa denuncia y clasificarlo como una lesi\u00f3n contra el honor y el buen nombre. Pero por ahora no ha tenido impulso en las comisiones de la c\u00e1mara alta para ser debatido en el recinto.<\/p>\n\n\n\n<p>El 9 de septiembre pasado se celebr\u00f3 en nuestro pa\u00eds por cuarto a\u00f1o consecutivo el D\u00eda Internacional Contra las Falsas Denuncias. Se trata de una iniciativa mundial que busca alertar contra la falta de garant\u00edas jur\u00eddicas b\u00e1sicas, como el principio de inocencia o la igualdad ante la ley, en los casos de acusaciones por violencia de g\u00e9nero. Seg\u00fan sus impulsores,&nbsp; la perspectiva de g\u00e9nero muchas veces no cuestiona la voz de las denunciantes y funciona como una carta de impunidad. Esto convierte a las falsas denuncias en un nuevo negocio que no se apoya en la justicia.<\/p>\n","protected":false},"excerpt":{"rendered":"<p>En el Senado de la Naci\u00f3n espera su tratamiento un proyecto de ley que, en<\/p>\n","protected":false},"author":4,"featured_media":5120,"comment_status":"open","ping_status":"open","sticky":false,"template":"","format":"standard","meta":{"om_disable_all_campaigns":false,"_monsterinsights_skip_tracking":false,"_monsterinsights_sitenote_active":false,"_monsterinsights_sitenote_note":"","_monsterinsights_sitenote_category":0},"categories":[9],"tags":[],"aioseo_notices":[],"jetpack_featured_media_url":"https:\/\/defiendase.com\/wp-content\/uploads\/2024\/09\/violencia.png","post_mailing_queue_ids":[],"_links":{"self":[{"href":"https:\/\/defiendase.com\/index.php\/wp-json\/wp\/v2\/posts\/5119"}],"collection":[{"href":"https:\/\/defiendase.com\/index.php\/wp-json\/wp\/v2\/posts"}],"about":[{"href":"https:\/\/defiendase.com\/index.php\/wp-json\/wp\/v2\/types\/post"}],"author":[{"embeddable":true,"href":"https:\/\/defiendase.com\/index.php\/wp-json\/wp\/v2\/users\/4"}],"replies":[{"embeddable":true,"href":"https:\/\/defiendase.com\/index.php\/wp-json\/wp\/v2\/comments?post=5119"}],"version-history":[{"count":1,"href":"https:\/\/defiendase.com\/index.php\/wp-json\/wp\/v2\/posts\/5119\/revisions"}],"predecessor-version":[{"id":5121,"href":"https:\/\/defiendase.com\/index.php\/wp-json\/wp\/v2\/posts\/5119\/revisions\/5121"}],"wp:featuredmedia":[{"embeddable":true,"href":"https:\/\/defiendase.com\/index.php\/wp-json\/wp\/v2\/media\/5120"}],"wp:attachment":[{"href":"https:\/\/defiendase.com\/index.php\/wp-json\/wp\/v2\/media?parent=5119"}],"wp:term":[{"taxonomy":"category","embeddable":true,"href":"https:\/\/defiendase.com\/index.php\/wp-json\/wp\/v2\/categories?post=5119"},{"taxonomy":"post_tag","embeddable":true,"href":"https:\/\/defiendase.com\/index.php\/wp-json\/wp\/v2\/tags?post=5119"}],"curies":[{"name":"wp","href":"https:\/\/api.w.org\/{rel}","templated":true}]}}