{"id":5116,"date":"2024-09-13T15:46:06","date_gmt":"2024-09-13T18:46:06","guid":{"rendered":"https:\/\/defiendase.com\/?p=5116"},"modified":"2024-09-13T15:46:08","modified_gmt":"2024-09-13T18:46:08","slug":"la-pulseada-por-la-reforma-laboral","status":"publish","type":"post","link":"https:\/\/defiendase.com\/index.php\/la-pulseada-por-la-reforma-laboral\/","title":{"rendered":"La pulseada por la reforma laboral"},"content":{"rendered":"\n<p>El Gobierno demora la reglamentaci\u00f3n de la ya largamente anunciada Reforma Laboral y ahora negocia con el ala dialoguista de la CGT y promete introducir cambios para evitar judicializaciones y medidas de fuerza gremiales.<\/p>\n\n\n\n<p>El encargado de sentarse con los sindicalistas es el Secretario de Trabajo, Julio Cordero, que intenta hacer equilibrio entre lo que propone Federico Sturzenegger, que busca una desregulaci\u00f3n profunda y prometi\u00f3 \u00abla reforma m\u00e1s importante en d\u00e9cadas\u00bb y los \u00abpero\u00bb que plantean los gremios.<\/p>\n\n\n\n<p>El primer punto de discordia es el art\u00edculo que plantea que haya \u00abcolaboradores\u00bb en lugar de empleados y permite que los trabajadores independientes puedan tener hasta 3 personas, tambi\u00e9n monotributistas, que colaboren con la tarea sin que sea necesario una relaci\u00f3n de dependencia.&nbsp;<\/p>\n\n\n\n<p>Desde la CGT plantean la necesidad de que se proh\u00edba \u00abfragmentar\u00bb las empresas o los establecimientos de trabajo para evitar que los empresarios cometan fraudes y se implementen relaciones de dependencia encubiertas.<\/p>\n\n\n\n<p>El otro punto que gener\u00f3 muchas rispideces es el que sostiene que los bloqueos o las tomas de establecimientos de trabajo ser\u00e1n causales de despido, al igual que la participaci\u00f3n en huelgas que impidan o afecten la libertad de trabajo de otros. Los sindicalistas exigen que haya una instancia judicial antes del despido, algo que en principio no estar\u00eda en los planes del Gobierno, pero que los funcionarios se comprometieron a analizar.<\/p>\n\n\n\n<p>As\u00ed las cosas, la reforma sigue en veremos. Los otros puntos salientes de los cambios que impulsa la administraci\u00f3n de Milei en el mercado laboral son conocidos.&nbsp; Un per\u00edodo de prueba que subir\u00e1 de 3 a 8 meses y que no contempla el derecho a pedir indemnizaci\u00f3n, la creaci\u00f3n de un fondo de cese laboral optativo para reemplazar a las indemizaciones, los beneficios para regularizar a trabajadores en negro y el aumento de la indemnizaci\u00f3n \u00abpor discriminaci\u00f3n\u00bb, que anular\u00e1 la posibilidad de reclamar ante la justicia y exigir que el trabajador vuelva a su puesto de trabajo.<\/p>\n\n\n\n<p>En las \u00faltimas horas Sturzenegger volvi\u00f3 a prometer que la reglamentaci\u00f3n estar\u00e1 la semana que viene. Habr\u00e1 que ver si llegan a buen puerto las negociaciones con los sindicatos o si la reforma nace con conflicto y trae consigo promesas de nubarrones en el horizonte.&nbsp;<\/p>\n","protected":false},"excerpt":{"rendered":"<p>El Gobierno demora la reglamentaci\u00f3n de la ya largamente anunciada Reforma Laboral y ahora negocia<\/p>\n","protected":false},"author":4,"featured_media":5117,"comment_status":"open","ping_status":"open","sticky":false,"template":"","format":"standard","meta":{"om_disable_all_campaigns":false,"_monsterinsights_skip_tracking":false,"_monsterinsights_sitenote_active":false,"_monsterinsights_sitenote_note":"","_monsterinsights_sitenote_category":0},"categories":[8],"tags":[],"aioseo_notices":[],"jetpack_featured_media_url":"https:\/\/defiendase.com\/wp-content\/uploads\/2024\/09\/cgt-ok.jpg","post_mailing_queue_ids":[],"_links":{"self":[{"href":"https:\/\/defiendase.com\/index.php\/wp-json\/wp\/v2\/posts\/5116"}],"collection":[{"href":"https:\/\/defiendase.com\/index.php\/wp-json\/wp\/v2\/posts"}],"about":[{"href":"https:\/\/defiendase.com\/index.php\/wp-json\/wp\/v2\/types\/post"}],"author":[{"embeddable":true,"href":"https:\/\/defiendase.com\/index.php\/wp-json\/wp\/v2\/users\/4"}],"replies":[{"embeddable":true,"href":"https:\/\/defiendase.com\/index.php\/wp-json\/wp\/v2\/comments?post=5116"}],"version-history":[{"count":1,"href":"https:\/\/defiendase.com\/index.php\/wp-json\/wp\/v2\/posts\/5116\/revisions"}],"predecessor-version":[{"id":5118,"href":"https:\/\/defiendase.com\/index.php\/wp-json\/wp\/v2\/posts\/5116\/revisions\/5118"}],"wp:featuredmedia":[{"embeddable":true,"href":"https:\/\/defiendase.com\/index.php\/wp-json\/wp\/v2\/media\/5117"}],"wp:attachment":[{"href":"https:\/\/defiendase.com\/index.php\/wp-json\/wp\/v2\/media?parent=5116"}],"wp:term":[{"taxonomy":"category","embeddable":true,"href":"https:\/\/defiendase.com\/index.php\/wp-json\/wp\/v2\/categories?post=5116"},{"taxonomy":"post_tag","embeddable":true,"href":"https:\/\/defiendase.com\/index.php\/wp-json\/wp\/v2\/tags?post=5116"}],"curies":[{"name":"wp","href":"https:\/\/api.w.org\/{rel}","templated":true}]}}