{"id":5100,"date":"2024-09-06T14:54:44","date_gmt":"2024-09-06T17:54:44","guid":{"rendered":"https:\/\/defiendase.com\/?p=5100"},"modified":"2024-09-06T14:54:47","modified_gmt":"2024-09-06T17:54:47","slug":"crecen-las-consultas-por-violencia-domestica","status":"publish","type":"post","link":"https:\/\/defiendase.com\/index.php\/crecen-las-consultas-por-violencia-domestica\/","title":{"rendered":"Crecen las consultas por violencia dom\u00e9stica"},"content":{"rendered":"\n<p>La violencia intrafamiliar es uno de los temas m\u00e1s complicados de abordar para la justicia en un pa\u00eds con un promedio de 245 femicidios por a\u00f1o, algo as\u00ed como uno cada 35 horas.\u00a0<\/p>\n\n\n\n<p>En este contexto, la Corte Suprema de Justicia inform\u00f3 que recibi\u00f3 en su Oficina de Violencia Dom\u00e9stica m\u00e1s de 6 mil denuncias por agresiones y casi 5 mil consultas en los primeros 8 meses del a\u00f1o. Adem\u00e1s se dictaron 4.027 prohibiciones de acercamiento y 3897 prohibiciones de contacto.<\/p>\n\n\n\n<p>Seg\u00fan los registros publicados esta semana, tambi\u00e9n se proporcionaron 2250 botones antip\u00e1nico y el 99% de las denuncias fue derivada a la Justicia Nacional en lo Civil.<\/p>\n\n\n\n<p>La Oficina de Violencia Dom\u00e9stica es una dependencia de la Corte Suprema de Justicia de la Naci\u00f3n, que funciona las 24 horas, todos los d\u00edas del a\u00f1o, en Lavalle 1250, en la ciudad de Buenos Aires. All\u00ed, un equipo de profesionales de abogac\u00eda, psicolog\u00eda, trabajo social y medicina recibe las denuncias, que pueden ser hechas por las v\u00edctimas directas o por terceros, labran actas y eval\u00faan el nivel de riesgo en cada caso.&nbsp; Despu\u00e9s de la entrevista, se derivan los casos a la justicia si corresponde.<\/p>\n\n\n\n<p>En 2023, la Oficina de Violencia Dom\u00e9stica atendi\u00f3 17.603 casos, algo que podr\u00eda superarse este a\u00f1o. En el 53% la v\u00edctimas fueron mujeres y en el 38% fueron ni\u00f1as, ni\u00f1os y adolescentes.&nbsp;<\/p>\n\n\n\n<p><\/p>\n\n\n\n<p><\/p>\n","protected":false},"excerpt":{"rendered":"<p>La violencia intrafamiliar es uno de los temas m\u00e1s complicados de abordar para la justicia<\/p>\n","protected":false},"author":4,"featured_media":5101,"comment_status":"open","ping_status":"open","sticky":false,"template":"","format":"standard","meta":{"om_disable_all_campaigns":false,"_monsterinsights_skip_tracking":false,"_monsterinsights_sitenote_active":false,"_monsterinsights_sitenote_note":"","_monsterinsights_sitenote_category":0},"categories":[8],"tags":[],"aioseo_notices":[],"jetpack_featured_media_url":"https:\/\/defiendase.com\/wp-content\/uploads\/2024\/09\/violencia.webp","post_mailing_queue_ids":[],"_links":{"self":[{"href":"https:\/\/defiendase.com\/index.php\/wp-json\/wp\/v2\/posts\/5100"}],"collection":[{"href":"https:\/\/defiendase.com\/index.php\/wp-json\/wp\/v2\/posts"}],"about":[{"href":"https:\/\/defiendase.com\/index.php\/wp-json\/wp\/v2\/types\/post"}],"author":[{"embeddable":true,"href":"https:\/\/defiendase.com\/index.php\/wp-json\/wp\/v2\/users\/4"}],"replies":[{"embeddable":true,"href":"https:\/\/defiendase.com\/index.php\/wp-json\/wp\/v2\/comments?post=5100"}],"version-history":[{"count":1,"href":"https:\/\/defiendase.com\/index.php\/wp-json\/wp\/v2\/posts\/5100\/revisions"}],"predecessor-version":[{"id":5102,"href":"https:\/\/defiendase.com\/index.php\/wp-json\/wp\/v2\/posts\/5100\/revisions\/5102"}],"wp:featuredmedia":[{"embeddable":true,"href":"https:\/\/defiendase.com\/index.php\/wp-json\/wp\/v2\/media\/5101"}],"wp:attachment":[{"href":"https:\/\/defiendase.com\/index.php\/wp-json\/wp\/v2\/media?parent=5100"}],"wp:term":[{"taxonomy":"category","embeddable":true,"href":"https:\/\/defiendase.com\/index.php\/wp-json\/wp\/v2\/categories?post=5100"},{"taxonomy":"post_tag","embeddable":true,"href":"https:\/\/defiendase.com\/index.php\/wp-json\/wp\/v2\/tags?post=5100"}],"curies":[{"name":"wp","href":"https:\/\/api.w.org\/{rel}","templated":true}]}}