{"id":5095,"date":"2024-09-05T15:25:46","date_gmt":"2024-09-05T18:25:46","guid":{"rendered":"https:\/\/defiendase.com\/?p=5095"},"modified":"2024-09-05T15:52:16","modified_gmt":"2024-09-05T18:52:16","slug":"fallo-inedito-lo-condenaron-por-contagiar-a-su-pareja-con-hiv","status":"publish","type":"post","link":"https:\/\/defiendase.com\/index.php\/fallo-inedito-lo-condenaron-por-contagiar-a-su-pareja-con-hiv\/","title":{"rendered":"Fallo in\u00e9dito: Lo condenaron por contagiar a su pareja con HIV"},"content":{"rendered":"\n<p>La justicia de la ciudad conden\u00f3 a un hombre a 3 a\u00f1os de c\u00e1rcel y a pagarle 40 mil d\u00f3lares a su ex mujer por haberla contagiado de HIV. Se trata de un fallo in\u00e9dito, porque por primera vez se condena en Argentina a una persona por transmitir el Virus de Inmunodeficiencia Humana.&nbsp;<\/p>\n\n\n\n<p>La pareja tuvo una relaci\u00f3n de 5 a\u00f1os entre 2011 y 2016. Despu\u00e9s de eso, la mujer tuvo una trombosis y luego una necrosis en las venas il\u00edaca y femoral, lo que le provoc\u00f3 a su vez dificultades para caminar. Los an\u00e1lisis en el marco de estas afecciones hicieron que saltara a la luz que ten\u00eda HIV.&nbsp;<\/p>\n\n\n\n<p>Su ex pareja, un hombre que actualmente tiene 56 a\u00f1os, se enter\u00f3 de su enfermedad en 2013 y mantuvo relaciones con ella hasta 2016 sin profilaxis y ocult\u00e1ndole ese dato. La fiscal\u00eda lo imput\u00f3 por \u00abcontagio de una enfermedad de transmisi\u00f3n sexual, junto a lesiones graves y grav\u00edsimas, agravadas por el v\u00ednculo y el g\u00e9nero\u00bb.<\/p>\n\n\n\n<p>Seg\u00fan la acusaci\u00f3n, despu\u00e9s de enterarse de que ten\u00eda el virus, la v\u00edctima tuvo una afecci\u00f3n en su salud mental, con estr\u00e9s postraum\u00e1tico y severos trastornos en el estado de \u00e1nimo.<\/p>\n\n\n\n<p>La jueza Fernanda Botana homolog\u00f3 el acuerdo entre las partes y estableci\u00f3 adem\u00e1s una reparaci\u00f3n civil de 40 mil d\u00f3lares que el hombre deber\u00e1 pagarle a la mujer. Adem\u00e1s, como encuadr\u00f3 la condena en el marco de la violencia de g\u00e9nero, oblig\u00f3 al acusado a hacer un taller sobre g\u00e9nero y le impuso una perimetral que durar\u00e1 3 a\u00f1os. Tambi\u00e9n le impuso tareas comunitarias en entidades relacionadas con el estudio y la prevenci\u00f3n del HIV.&nbsp;<\/p>\n","protected":false},"excerpt":{"rendered":"<p>La justicia de la ciudad conden\u00f3 a un hombre a 3 a\u00f1os de c\u00e1rcel y<\/p>\n","protected":false},"author":4,"featured_media":5099,"comment_status":"open","ping_status":"open","sticky":false,"template":"","format":"standard","meta":{"om_disable_all_campaigns":false,"_monsterinsights_skip_tracking":false,"_monsterinsights_sitenote_active":false,"_monsterinsights_sitenote_note":"","_monsterinsights_sitenote_category":0},"categories":[17],"tags":[],"aioseo_notices":[],"jetpack_featured_media_url":"https:\/\/defiendase.com\/wp-content\/uploads\/2024\/09\/Pruebas-VIH.jpg","post_mailing_queue_ids":[],"_links":{"self":[{"href":"https:\/\/defiendase.com\/index.php\/wp-json\/wp\/v2\/posts\/5095"}],"collection":[{"href":"https:\/\/defiendase.com\/index.php\/wp-json\/wp\/v2\/posts"}],"about":[{"href":"https:\/\/defiendase.com\/index.php\/wp-json\/wp\/v2\/types\/post"}],"author":[{"embeddable":true,"href":"https:\/\/defiendase.com\/index.php\/wp-json\/wp\/v2\/users\/4"}],"replies":[{"embeddable":true,"href":"https:\/\/defiendase.com\/index.php\/wp-json\/wp\/v2\/comments?post=5095"}],"version-history":[{"count":1,"href":"https:\/\/defiendase.com\/index.php\/wp-json\/wp\/v2\/posts\/5095\/revisions"}],"predecessor-version":[{"id":5097,"href":"https:\/\/defiendase.com\/index.php\/wp-json\/wp\/v2\/posts\/5095\/revisions\/5097"}],"wp:featuredmedia":[{"embeddable":true,"href":"https:\/\/defiendase.com\/index.php\/wp-json\/wp\/v2\/media\/5099"}],"wp:attachment":[{"href":"https:\/\/defiendase.com\/index.php\/wp-json\/wp\/v2\/media?parent=5095"}],"wp:term":[{"taxonomy":"category","embeddable":true,"href":"https:\/\/defiendase.com\/index.php\/wp-json\/wp\/v2\/categories?post=5095"},{"taxonomy":"post_tag","embeddable":true,"href":"https:\/\/defiendase.com\/index.php\/wp-json\/wp\/v2\/tags?post=5095"}],"curies":[{"name":"wp","href":"https:\/\/api.w.org\/{rel}","templated":true}]}}