{"id":5092,"date":"2024-09-04T17:06:43","date_gmt":"2024-09-04T20:06:43","guid":{"rendered":"https:\/\/defiendase.com\/?p=5092"},"modified":"2024-09-04T17:06:45","modified_gmt":"2024-09-04T20:06:45","slug":"la-justicia-es-lenta-sobre-todo-en-canuelas","status":"publish","type":"post","link":"https:\/\/defiendase.com\/index.php\/la-justicia-es-lenta-sobre-todo-en-canuelas\/","title":{"rendered":"La Justicia es lenta, sobre todo en Ca\u00f1uelas"},"content":{"rendered":"\n<p>Seg\u00fan datos de la Suprema Corte Bonaerense, las causas iniciadas en el Juzgado de Paz de Ca\u00f1uelas cayeron casi un 40% entre 2022 y 2023. La raz\u00f3n podr\u00eda deberse a las demoras en los distintos tr\u00e1mites en esa sede judicial.<\/p>\n\n\n\n<p>En declaraciones al medio local Infoca\u00f1uelas, referentes de la Asociaci\u00f3n de Abogados apuntaron a esa hip\u00f3tesis. Sostuvieron que el juzgado tiene una competencia amplia que incluye temas de familia, conflictos por la cuota alimentaria, violencia y sucesiones as\u00ed como tambi\u00e9n temas de desalojos y usurpaciones. Y explicaron que todo esto hace que la respuesta sea m\u00e1s lenta que en otros juzgados, como por ejemplo los de La Plata.<\/p>\n\n\n\n<p>Los datos relevados por el m\u00e1ximo tribunal bonaerense indican que mientras que en 2022 hubo un total de 2100 causas, en 2023 s\u00f3lo se registraron 1313 en ese distrito. Y no es porque se requiera menos intervenci\u00f3n de la justicia justamente.<\/p>\n\n\n\n<p>Los especialistas interpretan que existe cierto des\u00e1nimo de los abogados por la forma en la que se trabaja en el juzgado de Ca\u00f1uelas, que reci\u00e9n en los \u00faltimos meses habilit\u00f3 una segunda secretar\u00eda. Y que por eso muchos prefieren llevar sus litigios a otros juzgados que garantizan sentencias m\u00e1s r\u00e1pidas.<\/p>\n\n\n\n<p>Una de las soluciones posibles que ven los letrados es la apertura de un Juzgado de Familia que absorba las causas de esa competencia y alivie al Juzgado de Paz, ero esa idea es por ahora una utop\u00eda en el marco de los recortes presupuestarios en los distintos poderes del Estado.<\/p>\n\n\n\n<p>As\u00ed las cosas, cada vez m\u00e1s profesionales deciden pasar por alto la sede judicial del distrito y buscar otros rumbos para llevar sus causas. Y ya se sabe: \u00abjusticia lenta no es justicia\u00bb.<\/p>\n","protected":false},"excerpt":{"rendered":"<p>Seg\u00fan datos de la Suprema Corte Bonaerense, las causas iniciadas en el Juzgado de Paz<\/p>\n","protected":false},"author":4,"featured_media":5093,"comment_status":"open","ping_status":"open","sticky":false,"template":"","format":"standard","meta":{"om_disable_all_campaigns":false,"_monsterinsights_skip_tracking":false,"_monsterinsights_sitenote_active":false,"_monsterinsights_sitenote_note":"","_monsterinsights_sitenote_category":0},"categories":[263],"tags":[],"aioseo_notices":[],"jetpack_featured_media_url":"https:\/\/defiendase.com\/wp-content\/uploads\/2024\/09\/juzgado-de-paz-canuelas.jpg","post_mailing_queue_ids":[],"_links":{"self":[{"href":"https:\/\/defiendase.com\/index.php\/wp-json\/wp\/v2\/posts\/5092"}],"collection":[{"href":"https:\/\/defiendase.com\/index.php\/wp-json\/wp\/v2\/posts"}],"about":[{"href":"https:\/\/defiendase.com\/index.php\/wp-json\/wp\/v2\/types\/post"}],"author":[{"embeddable":true,"href":"https:\/\/defiendase.com\/index.php\/wp-json\/wp\/v2\/users\/4"}],"replies":[{"embeddable":true,"href":"https:\/\/defiendase.com\/index.php\/wp-json\/wp\/v2\/comments?post=5092"}],"version-history":[{"count":1,"href":"https:\/\/defiendase.com\/index.php\/wp-json\/wp\/v2\/posts\/5092\/revisions"}],"predecessor-version":[{"id":5094,"href":"https:\/\/defiendase.com\/index.php\/wp-json\/wp\/v2\/posts\/5092\/revisions\/5094"}],"wp:featuredmedia":[{"embeddable":true,"href":"https:\/\/defiendase.com\/index.php\/wp-json\/wp\/v2\/media\/5093"}],"wp:attachment":[{"href":"https:\/\/defiendase.com\/index.php\/wp-json\/wp\/v2\/media?parent=5092"}],"wp:term":[{"taxonomy":"category","embeddable":true,"href":"https:\/\/defiendase.com\/index.php\/wp-json\/wp\/v2\/categories?post=5092"},{"taxonomy":"post_tag","embeddable":true,"href":"https:\/\/defiendase.com\/index.php\/wp-json\/wp\/v2\/tags?post=5092"}],"curies":[{"name":"wp","href":"https:\/\/api.w.org\/{rel}","templated":true}]}}